{"id":199676,"date":"2014-11-06T20:51:13","date_gmt":"2014-11-06T20:51:13","guid":{"rendered":"http:\/\/diariodominicano.ddns.net\/?p=199676"},"modified":"2014-11-06T20:51:13","modified_gmt":"2014-11-06T20:51:13","slug":"las-reynas-del-caribe-imparten-clinicas-en-basi","status":"publish","type":"post","link":"https:\/\/diariodominicano.com\/?p=199676","title":{"rendered":"Las Reynas del Caribe imparten cl\u00ednicas en BASI"},"content":{"rendered":"<p><body><\/p>\n<p><img decoding=\"async\" src=\"img3\/posan.jpg\" \/><br \/><img decoding=\"async\" src=\"img3\/kiwik.jpg\" \/><br \/><img decoding=\"async\" src=\"http:\/\/localhost:8080\/img3\/jugadoras.jpg\" \/>  <\/p>\n<p><span class=\"text1noticias\">Santo Domingo, RD, 6 de Noviembre.-Los Estudiantes del Colegio \u00abNuestra Se\u00f1ora del Perpetuo Socorro, FARD\u00bb observaron el entrenamiento de la Selecci\u00f3n Nacional de Voleibol Femenino, actividad  enmarcada en el proyecto deportivo que organiz\u00f3 la Comandancia General de la FARD, con el respaldo del Ministerio de Deportes y la Federaci\u00f3n Dominicana de Voleibol.<\/span><\/p>\n<\/p>\n<p><span class=\"text1noticias\">Las Reinas del Caribe, como tambi\u00e9n las llaman por su destacada participaci\u00f3n en eventos internacionales, estuvieron acompa\u00f1adas por el presidente de la Federaci\u00f3n de esa disciplina deportiva, Alexis Garc\u00eda y su entrenador, Marcos Kiwik.<\/span><\/p>\n<\/p>\n<p><span class=\"text1noticias\">El Comandante General de la FARD, Mayor General Piloto Elvis M. F\u00e9liz P\u00e9rez, FARD y la Presidenta del Comit\u00e9 de Esposas de Oficiales de la FARD, licenciada Evelyn Mej\u00eda de F\u00e9liz, les dieron la bienvenida.<\/span><\/p>\n<\/p>\n<p><span class=\"text1noticias\">Durante su intervenci\u00f3n, el Mayor General F\u00e9liz P\u00e9rez agradeci\u00f3 a las integrantes de la Selecci\u00f3n Nacional de Voleibol Femenino por brindar sus conocimientos a los alumnos del colegio FARD.<\/span><\/p>\n<\/p>\n<p><span class=\"text1noticias\">\u00abNos enorgullece que las muchachas de la Selecci\u00f3n Nacional de Voleibol, que han puesto nuestra bandera en alto, puedan estar compartiendo con nuestros j\u00f3venes, adujo el Mayor General F\u00e9liz P\u00e9rez.<\/span><\/p>\n<\/p>\n<p><span class=\"text1noticias\">Entre las jugadoras destacas estuvieron presentes: Priscila Rivera, Yokaira Pe\u00f1a, C\u00e1ndida Arias, Annery Valdez, Marian Fresola, Arroyorkina Binet, Brenda Castillo y Herasma Moreno.<\/span><\/p>\n<\/p>\n<p><span class=\"text1noticias\">Alexis Garc\u00eda explic\u00f3 que esta iniciativa es para ense\u00f1ar a los j\u00f3venes las t\u00e9cnicas del Voleibol y motivarlos a que practiquen.<\/span><\/p>\n<\/p>\n<p><span class=\"text1noticias\">En la cl\u00ednica participaron ni\u00f1os entre 10 y 14 a\u00f1os. El acto de apertura fue realizado en el Polideportivo de la Base A\u00e9rea  San Isidro, encabezado por el Comandante General de la FARD, Mayor General Piloto Elvis M. F\u00e9liz P\u00e9rez, FARD.<\/span><\/p>\n<\/p>\n<p><span class=\"text1noticias\">Se recuerda que las Reinas del Caribe quedaron quintas en el Mundial de Italia y est\u00e1n clasificadas sextas en el ranking mundial.<\/span><\/p>\n<\/p>\n<p><span class=\"text1noticias\">Tambi\u00e9n acompa\u00f1aron al Comandante General de la FARD el Coronel Piloto Juan Dar\u00edo Tejada Quintana, FARD, Ayudante del Comandante General, Coronel Paracaidista Ram\u00f3n Antonio Santos G\u00f3mez, FARD, Intendente de Deportes; El Coronel Ram\u00f3n Rodr\u00edguez Acosta, Intendente del Colegio; el Teniente  Coronel Fausto Liriano; Co-secretario de la Federaci\u00f3n de Softball y Presidente de la Federaci\u00f3n de Softball de la provincia La Vega, as\u00ed como Jos\u00e9 Luis Suero, Coordinador y enlace entre las Federaciones Deportivas  y la FARD<\/span>.<\/p>\n<\/p>\n<h6> 2014-11-06 20:51:13 <\/h6>\n<p><!--\n<link rel=\"stylesheet\" href=\"css\/bootstrap.min.css\">\n\n\n<ul class=\"pagination\">\n\t    \n\t\n\n<li >\n\t<a href='?page_no=16154'>Previous<\/a>\n\t<\/li>\n\n\n       \n    \n\n<li><a href='?page_no=1'>1<\/a><\/li>\n\n\n\n<li><a href='?page_no=2'>2<\/a><\/li>\n\n\n\n<li><a>...<\/a><\/li>\n\n\n\n<li><a href='?page_no=16153'>16153<\/a><\/li>\n\n\n\n<li><a href='?page_no=16154'>16154<\/a><\/li>\n\n\n\n<li class='active'><a>16155<\/a><\/li>\n\n\n\n<li><a href='?page_no=16156'>16156<\/a><\/li>\n\n\n\n<li><a href='?page_no=16157'>16157<\/a><\/li>\n\n\n\n<li><a>...<\/a><\/li>\n\n\n\n<li><a href='?page_no=36618'>36618<\/a><\/li>\n\n\n\n<li><a href='?page_no=36619'>36619<\/a><\/li>\n\n    \n\t\n\n<li >\n\t<a href='?page_no=16156'>Next<\/a>\n\t<\/li>\n\n\n    \n\n<li><a href='?page_no=36619'>Last &rsaquo;&rsaquo;<\/a><\/li>\n\n<\/ul>\n\n\n--><br \/>\n<\/body><\/p>\n","protected":false},"excerpt":{"rendered":"<p>Santo Domingo, RD, 6 de Noviembre.-Los Estudiantes del Colegio \u00abNuestra Se\u00f1ora del Perpetuo Socorro, FARD\u00bb observaron el entrenamiento de la Selecci\u00f3n Nacional de Voleibol Femenino, actividad enmarcada en el proyecto deportivo que organiz\u00f3 la Comandancia General de la FARD, con el respaldo del Ministerio de Deportes y la Federaci\u00f3n Dominicana de Voleibol. Las Reinas del [&hellip;]<\/p>\n","protected":false},"author":3,"featured_media":0,"comment_status":"open","ping_status":"open","sticky":false,"template":"","format":"standard","meta":{"footnotes":""},"categories":[17],"tags":[],"class_list":["post-199676","post","type-post","status-publish","format-standard","hentry","category-deportes"],"_links":{"self":[{"href":"https:\/\/diariodominicano.com\/index.php?rest_route=\/wp\/v2\/posts\/199676","targetHints":{"allow":["GET"]}}],"collection":[{"href":"https:\/\/diariodominicano.com\/index.php?rest_route=\/wp\/v2\/posts"}],"about":[{"href":"https:\/\/diariodominicano.com\/index.php?rest_route=\/wp\/v2\/types\/post"}],"author":[{"embeddable":true,"href":"https:\/\/diariodominicano.com\/index.php?rest_route=\/wp\/v2\/users\/3"}],"replies":[{"embeddable":true,"href":"https:\/\/diariodominicano.com\/index.php?rest_route=%2Fwp%2Fv2%2Fcomments&post=199676"}],"version-history":[{"count":0,"href":"https:\/\/diariodominicano.com\/index.php?rest_route=\/wp\/v2\/posts\/199676\/revisions"}],"wp:attachment":[{"href":"https:\/\/diariodominicano.com\/index.php?rest_route=%2Fwp%2Fv2%2Fmedia&parent=199676"}],"wp:term":[{"taxonomy":"category","embeddable":true,"href":"https:\/\/diariodominicano.com\/index.php?rest_route=%2Fwp%2Fv2%2Fcategories&post=199676"},{"taxonomy":"post_tag","embeddable":true,"href":"https:\/\/diariodominicano.com\/index.php?rest_route=%2Fwp%2Fv2%2Ftags&post=199676"}],"curies":[{"name":"wp","href":"https:\/\/api.w.org\/{rel}","templated":true}]}}