{"id":199674,"date":"2014-11-06T22:16:41","date_gmt":"2014-11-06T22:16:41","guid":{"rendered":"http:\/\/diariodominicano.ddns.net\/?p=199674"},"modified":"2014-11-06T22:16:41","modified_gmt":"2014-11-06T22:16:41","slug":"colegio-salome-urena-celebra-dia-nacional-del-deporte","status":"publish","type":"post","link":"https:\/\/diariodominicano.com\/?p=199674","title":{"rendered":"Colegio Salome Ure\u00f1a celebra D\u00eda Nacional del Deporte"},"content":{"rendered":"<p><body><\/p>\n<p><img decoding=\"async\" src=\"img3\/deporte.jpg\" \/>  <\/p>\n<p><span class=\"text1noticias\">Moca, provincia Espaillat, RD, 6 de Noviembre.-En un acto cargado de grandes emociones, vivencias y sue\u00f1os, el Colegio Salome Ure\u00f1a celebr\u00f3 en sus instalaciones este jueves, el D\u00eda Nacional del Deporte, una actividad especial en el que fueron reconocidos deportistas y entrenadores del ayer y el presente de esta provincia.<\/span><\/p>\n<\/p>\n<p><span class=\"text1noticias\">La actividad comenz\u00f3 con el desfile de los atletas, encabezada por la preselecci\u00f3n nacional en Tenis de Campo, Salime Pe\u00f1a, luego la joven Arisleyda Polo, ofreci\u00f3 la bendici\u00f3n y un grupo de j\u00f3venes del Colegio Salome Ure\u00f1a, ejecuto un Openning sobre el D\u00eda de la Constituci\u00f3n Dominicana. <\/span><\/p>\n<\/p>\n<p><span class=\"text1noticias\">Las palabras de apertura fueron de Angelita Camilo, directora del centro, quien agradeci\u00f3 la presencia de figuras del deporte como; Berman Mej\u00eda, Jonathan Fa\u00f1a, Rub\u00e9n Lulo, \u00c1ngel Feliz, Jonathan Villar, Teresa Almanzar, Jos\u00e9 Guzm\u00e1n, Elizaur Mu\u00f1oz, Domingo Asencio y Ram\u00f3n de la Cruz. <\/span><\/p>\n<\/p>\n<p><span class=\"text1noticias\">\u00abHoy celebramos el D\u00eda de la Constituci\u00f3n y tambi\u00e9n nos adelantamos para celebrar el D\u00eda Nacional del Deporte, invitando a personas que han triunfado y han dado gloria a la Rep\u00fablica Dominicana con su alto rendimiento en el deporte, esperando que ustedes sirvan de inspiraci\u00f3n a nuestros estudiantes\u00bb, exclamo Camilo.<\/span><\/p>\n<p><span class=\"text1noticias\"> <\/span><\/p>\n<p><span class=\"text1noticias\">Tambi\u00e9n se dirigieron a los presentes: Santiago Cabrera, Director Provincial de Deportes, Jos\u00e9 Garc\u00eda, Sub-director del Distrito Escolar 06-06, y Dilone Ovalles, Gobernador Civil y Provincial de Espaillat.<\/span><\/p>\n<\/p>\n<p><span class=\"text1noticias\">Luego hablaron los protagonistas quienes expresaron sus sue\u00f1os, y experiencias a las nuevas generaciones de estudiantes que estuvieron durante una hora atentos de los atletas del ayer y del presente de Espaillat y otros lugares.<\/span><\/p>\n<\/p>\n<p><span class=\"text1noticias\">Atletas como Berman Mej\u00eda uno de los porteros del pa\u00eds, Rub\u00e9n Lulo, Inmortal del Deporte Nacional y Espaillat, \u00c1ngel Feliz uno de los grandes exponentes de las Pesas, Teresa Almanzar una reina del atletismo, Jonathan Villar jugador de Las \u00c1guilas Cibae\u00f1as y Astros de Houston en Grandes Ligas y los jugadores de Baloncesto Jos\u00e9 Guzm\u00e1n y Elizaur Mu\u00f1oz y Jonathan Fa\u00f1a el mejor delantero que exhibe la selecci\u00f3n Dominicana.<\/span><\/p>\n<\/p>\n<p><span class=\"text1noticias\">Al final del hermoso y emotivo acto, fueron galardonados cada uno de ellos con hermosos trofeos que fueron entregados por Angelita Camilo, directora del centro, as\u00ed como las diversas autoridades que asistieron.(HG)<\/span>.<\/p>\n<h6> 2014-11-06 22:16:41 <\/h6>\n<p><!--\n<link rel=\"stylesheet\" href=\"css\/bootstrap.min.css\">\n\n\n<ul class=\"pagination\">\n\t    \n\t\n\n<li >\n\t<a href='?page_no=16152'>Previous<\/a>\n\t<\/li>\n\n\n       \n    \n\n<li><a href='?page_no=1'>1<\/a><\/li>\n\n\n\n<li><a href='?page_no=2'>2<\/a><\/li>\n\n\n\n<li><a>...<\/a><\/li>\n\n\n\n<li><a href='?page_no=16151'>16151<\/a><\/li>\n\n\n\n<li><a href='?page_no=16152'>16152<\/a><\/li>\n\n\n\n<li class='active'><a>16153<\/a><\/li>\n\n\n\n<li><a href='?page_no=16154'>16154<\/a><\/li>\n\n\n\n<li><a href='?page_no=16155'>16155<\/a><\/li>\n\n\n\n<li><a>...<\/a><\/li>\n\n\n\n<li><a href='?page_no=36618'>36618<\/a><\/li>\n\n\n\n<li><a href='?page_no=36619'>36619<\/a><\/li>\n\n    \n\t\n\n<li >\n\t<a href='?page_no=16154'>Next<\/a>\n\t<\/li>\n\n\n    \n\n<li><a href='?page_no=36619'>Last &rsaquo;&rsaquo;<\/a><\/li>\n\n<\/ul>\n\n\n--><br \/>\n<\/body><\/p>\n","protected":false},"excerpt":{"rendered":"<p>Moca, provincia Espaillat, RD, 6 de Noviembre.-En un acto cargado de grandes emociones, vivencias y sue\u00f1os, el Colegio Salome Ure\u00f1a celebr\u00f3 en sus instalaciones este jueves, el D\u00eda Nacional del Deporte, una actividad especial en el que fueron reconocidos deportistas y entrenadores del ayer y el presente de esta provincia. La actividad comenz\u00f3 con el [&hellip;]<\/p>\n","protected":false},"author":3,"featured_media":0,"comment_status":"open","ping_status":"open","sticky":false,"template":"","format":"standard","meta":{"footnotes":""},"categories":[17],"tags":[],"class_list":["post-199674","post","type-post","status-publish","format-standard","hentry","category-deportes"],"_links":{"self":[{"href":"https:\/\/diariodominicano.com\/index.php?rest_route=\/wp\/v2\/posts\/199674","targetHints":{"allow":["GET"]}}],"collection":[{"href":"https:\/\/diariodominicano.com\/index.php?rest_route=\/wp\/v2\/posts"}],"about":[{"href":"https:\/\/diariodominicano.com\/index.php?rest_route=\/wp\/v2\/types\/post"}],"author":[{"embeddable":true,"href":"https:\/\/diariodominicano.com\/index.php?rest_route=\/wp\/v2\/users\/3"}],"replies":[{"embeddable":true,"href":"https:\/\/diariodominicano.com\/index.php?rest_route=%2Fwp%2Fv2%2Fcomments&post=199674"}],"version-history":[{"count":0,"href":"https:\/\/diariodominicano.com\/index.php?rest_route=\/wp\/v2\/posts\/199674\/revisions"}],"wp:attachment":[{"href":"https:\/\/diariodominicano.com\/index.php?rest_route=%2Fwp%2Fv2%2Fmedia&parent=199674"}],"wp:term":[{"taxonomy":"category","embeddable":true,"href":"https:\/\/diariodominicano.com\/index.php?rest_route=%2Fwp%2Fv2%2Fcategories&post=199674"},{"taxonomy":"post_tag","embeddable":true,"href":"https:\/\/diariodominicano.com\/index.php?rest_route=%2Fwp%2Fv2%2Ftags&post=199674"}],"curies":[{"name":"wp","href":"https:\/\/api.w.org\/{rel}","templated":true}]}}