{"id":199671,"date":"2014-11-07T12:46:37","date_gmt":"2014-11-07T12:46:37","guid":{"rendered":"http:\/\/diariodominicano.ddns.net\/?p=199671"},"modified":"2014-11-07T12:46:37","modified_gmt":"2014-11-07T12:46:37","slug":"las-reinas-del-caribe-entrenan-y-dan-clinicas-en-san-isidro","status":"publish","type":"post","link":"https:\/\/diariodominicano.com\/?p=199671","title":{"rendered":"Las Reinas del Caribe entrenan y dan cl\u00ednicas en San Isidro"},"content":{"rendered":"<p><body><\/p>\n<p><img decoding=\"async\" src=\"img3\/reina 7.jpg\" \/><br \/><img decoding=\"async\" src=\"img3\/reinas 2.jpg\" \/>  <\/p>\n<p>Las Reinas del Caribe entrenan y dan cl\u00ednicas en San Isidro; las chicas causaron un gran alboroto<\/p>\n<\/p>\n<p>La selecci\u00f3n nacional de voleibol femenino realiz\u00f3 este jueves una sesi\u00f3n de entrenamientos en el polideportivo de la Base A\u00e9rea de San Isidro y a la vez sus integrantes ofrecieron cl\u00ednicas a los estudiantes del Colegio Nuestra Se\u00f1ora del Perpetuo Socorro FARD.<\/p>\n<\/p>\n<p>La actividad se inscribe dentro de un proyecto de iniciaci\u00f3n deportiva que organiza la Comandancia General de la Fuerza A\u00e9rea de la Rep\u00fablica Dominicana (FARD) con el respaldo del Ministerio de Deportes y la Federaci\u00f3n Dominicana de Voleibol (Fedovoli).<\/p>\n<\/p>\n<p>Las Reinas del Caribe, como son denominadas por su destacada participaci\u00f3n en eventos internacionales, estuvieron acompa\u00f1adas por el presidente de la Fedovoli, Alexis Garc\u00eda y el entrenador del equipo nacional, el brasile\u00f1o Macos Kwiek y sus asistentes.<\/p>\n<\/p>\n<p>El Comandante General de la FARD, mayor general Elvis M. F\u00e9liz P\u00e9rez y la presidenta del Comit\u00e9 de Esposas de Oficiales de la FARD, Evelyn Mej\u00eda de F\u00e9liz, les dieron la bienvenida a los visitantes.<\/p>\n<\/p>\n<p>\u00abNos enorgullece que las muchachas de la Selecci\u00f3n Nacional de Voleibol, que han puesto nuestra bandera en alto, puedan estar compartiendo con nuestros j\u00f3venes, adujo el mayor general F\u00e9liz P\u00e9rez.<\/p>\n<\/p>\n<p>Entre las jugadoras que estuvieron presentes se destacan Priscila Rivera, Yonkaira Pe\u00f1a, C\u00e1ndida Arias, Annery Valdez, Marian Fersola, Ana Yorkina Binet, Brenda Castillo, Niverka Marte, Cindy Rond\u00f3n, Brayelin Mart\u00ednez, Evel Mej\u00eda y Herasma Moreno.<\/p>\n<\/p>\n<p>Alexis Garc\u00eda explic\u00f3 que esta iniciativa es para ense\u00f1ar a los j\u00f3venes las t\u00e9cnicas del voleibol y motivarlos a que practiquen la disciplina.<\/p>\n<\/p>\n<p>En la cl\u00ednica participaron ni\u00f1os y ni\u00f1as entre 10 y 14 a\u00f1os, quienes recibir\u00e1n docencia los d\u00edas lunes, mi\u00e9rcoles y viernes de 2:00 a 6:00 de la tarde.<\/p>\n<\/p>\n<p>El equipo dominicano viene de quedar en quinto lugar en el Mundial de Voleibol Italia 2014 y se prepara para asistir a los Juegos Centroamericanos y del Caribe Veracruz 2014 a realizarse del 14 al 30 de noviembre donde defender\u00e1n su triple campeonato de la justa regional.<\/p>\n<\/p>\n<p>Tambi\u00e9n acompa\u00f1aron al Comandante General de la FARD, el coronel piloto Juan Dar\u00edo Tejada Quintana, FARD, coronel paracaidista Ram\u00f3n Antonio Santos G\u00f3mez, FARD, Intendente de Deportes; coronel Ram\u00f3n Rodr\u00edguez Acosta, Intendente del Colegio; el teniente coronel Fausto Liriano; as\u00ed como Jos\u00e9 Luis Suero, coordinador y enlace entre las federaciones deportivas y la FARD.<\/p>\n<h6> 2014-11-07 12:46:37 <\/h6>\n<p><!--\n<link rel=\"stylesheet\" href=\"css\/bootstrap.min.css\">\n\n\n<ul class=\"pagination\">\n\t    \n\t\n\n<li >\n\t<a href='?page_no=16149'>Previous<\/a>\n\t<\/li>\n\n\n       \n    \n\n<li><a href='?page_no=1'>1<\/a><\/li>\n\n\n\n<li><a href='?page_no=2'>2<\/a><\/li>\n\n\n\n<li><a>...<\/a><\/li>\n\n\n\n<li><a href='?page_no=16148'>16148<\/a><\/li>\n\n\n\n<li><a href='?page_no=16149'>16149<\/a><\/li>\n\n\n\n<li class='active'><a>16150<\/a><\/li>\n\n\n\n<li><a href='?page_no=16151'>16151<\/a><\/li>\n\n\n\n<li><a href='?page_no=16152'>16152<\/a><\/li>\n\n\n\n<li><a>...<\/a><\/li>\n\n\n\n<li><a href='?page_no=36618'>36618<\/a><\/li>\n\n\n\n<li><a href='?page_no=36619'>36619<\/a><\/li>\n\n    \n\t\n\n<li >\n\t<a href='?page_no=16151'>Next<\/a>\n\t<\/li>\n\n\n    \n\n<li><a href='?page_no=36619'>Last &rsaquo;&rsaquo;<\/a><\/li>\n\n<\/ul>\n\n\n--><br \/>\n<\/body><\/p>\n","protected":false},"excerpt":{"rendered":"<p>Las Reinas del Caribe entrenan y dan cl\u00ednicas en San Isidro; las chicas causaron un gran alboroto La selecci\u00f3n nacional de voleibol femenino realiz\u00f3 este jueves una sesi\u00f3n de entrenamientos en el polideportivo de la Base A\u00e9rea de San Isidro y a la vez sus integrantes ofrecieron cl\u00ednicas a los estudiantes del Colegio Nuestra Se\u00f1ora [&hellip;]<\/p>\n","protected":false},"author":3,"featured_media":0,"comment_status":"open","ping_status":"open","sticky":false,"template":"","format":"standard","meta":{"footnotes":""},"categories":[17],"tags":[],"class_list":["post-199671","post","type-post","status-publish","format-standard","hentry","category-deportes"],"_links":{"self":[{"href":"https:\/\/diariodominicano.com\/index.php?rest_route=\/wp\/v2\/posts\/199671","targetHints":{"allow":["GET"]}}],"collection":[{"href":"https:\/\/diariodominicano.com\/index.php?rest_route=\/wp\/v2\/posts"}],"about":[{"href":"https:\/\/diariodominicano.com\/index.php?rest_route=\/wp\/v2\/types\/post"}],"author":[{"embeddable":true,"href":"https:\/\/diariodominicano.com\/index.php?rest_route=\/wp\/v2\/users\/3"}],"replies":[{"embeddable":true,"href":"https:\/\/diariodominicano.com\/index.php?rest_route=%2Fwp%2Fv2%2Fcomments&post=199671"}],"version-history":[{"count":0,"href":"https:\/\/diariodominicano.com\/index.php?rest_route=\/wp\/v2\/posts\/199671\/revisions"}],"wp:attachment":[{"href":"https:\/\/diariodominicano.com\/index.php?rest_route=%2Fwp%2Fv2%2Fmedia&parent=199671"}],"wp:term":[{"taxonomy":"category","embeddable":true,"href":"https:\/\/diariodominicano.com\/index.php?rest_route=%2Fwp%2Fv2%2Fcategories&post=199671"},{"taxonomy":"post_tag","embeddable":true,"href":"https:\/\/diariodominicano.com\/index.php?rest_route=%2Fwp%2Fv2%2Ftags&post=199671"}],"curies":[{"name":"wp","href":"https:\/\/api.w.org\/{rel}","templated":true}]}}