{"id":199668,"date":"2014-11-07T13:00:35","date_gmt":"2014-11-07T13:00:35","guid":{"rendered":"http:\/\/diariodominicano.ddns.net\/?p=199668"},"modified":"2014-11-07T13:00:35","modified_gmt":"2014-11-07T13:00:35","slug":"liga-licey-y-escogido-se-mueven-ejecutaran-un-plan-de-promocion-conjunta-para-fanaticada","status":"publish","type":"post","link":"https:\/\/diariodominicano.com\/?p=199668","title":{"rendered":"Liga, Licey y Escogido se mueven, ejecutar\u00e1n un plan de promoci\u00f3n conjunta para fanaticada&#13;"},"content":{"rendered":"<p><body><\/p>\n<p><img decoding=\"async\" src=\"img3\/play 7.jpg\" \/>  <\/p>\n<p>Santo Domingo RD 7 noviembre.- El Presidente de la Liga de B\u00e9isbol Profesional de la Rep\u00fablica Dominicana, doctor Leonardo Matos Berrido, as\u00ed como los directivos de Licey y Escogido, Miguel Guerra, Presidente y Jos\u00e9 Miguel Bonetti, vicepresidente ejecutivo, respectivamente, estudian las posibilidades de expandir las \u00e1reas de parqueos del Estadio Quisqueya, de la capital.<\/p>\n<\/p>\n<p>Los ejecutivos capitalinos del b\u00e9isbol profesional se reunieron nuevamente para analizar y observar los pasos que se han venido dando en aras de llegar a soluciones que permitan ampliar la capacidad del estacionamiento en el Quisqueya, cuyas \u00e1reas internas han sido ocupadas con el tiempo, en detrimento de las facilidades brindadas en ese sentido al fan\u00e1tico dominicano.<\/p>\n<p>En la reuni\u00f3n tambi\u00e9n particip\u00f3 el secretario de los a\u00f1iles, se\u00f1or Rafael Antonio \u00dabeda.<\/p>\n<\/p>\n<p>\u00abEstamos evaluando un plan para revisar nuevamente los diferentes accesos y aumentar de alguna manera la capacidad vehicular en el parqueo. Es innegable que cuando el Estadio fue construido dispon\u00eda de \u00e1reas con las cuales hoy no cuenta, a\u00fan y cuando todos sabemos que el parque vehicular dominicano ha crecido enormemente en proporci\u00f3n al a\u00f1o 1955 cuando fue inaugurado el mismo\u00bb, resalt\u00f3 el doctor Matos Berrido.<\/p>\n<\/p>\n<p>El m\u00e1ximo representante de la Liga y los directivos azules y rojos buscan establecer conversaciones con las autoridades correspondientes para ver las medidas pertinentes, adem\u00e1s de las anteriormente tomadas, a los fines de evitar el congestionamiento que se produce en las calles aleda\u00f1as, y de manera particular la Avenidas Tiradentes y San Crist\u00f3bal, hoy H\u00e9ctor Homero S\u00e1nchez.<\/p>\n<\/p>\n<p>\u00abPara el inicio del campeonato logramos que la Avenida Tiradentes se convirtiera en una sola v\u00eda Sur-Norte en las horas cercanas a los juegos de b\u00e9isbol. Ahora buscamos que exista fluidez dentro del tap\u00f3n que pudiera presentarse\u00bb, indicaron Guerra y Bonetti y \u00dabeda.<\/p>\n<\/p>\n<p>Otros temas que se han tocado en las conversaciones sostenidas entre el doctor Matos Berrido, Guerra, Bonetti y \u00dabeda, refieren a la implementaci\u00f3n de promociones conjuntas para productos de consumo masivos y boleter\u00eda.<\/p>\n<\/p>\n<p>\u00abEstamos en conversaciones con patrocinadores tradicionales y posibles nuevos patrocinadores de comida y bebidas para ampliar las ofertas y crear beneficios directos hacia los consumidores del estadio\u00bb, indica la nota.<\/p>\n<\/p>\n<p>Todos estuvieron de acuerdo en mantener las conversaciones cuantas veces sean necesarias hasta concluir con los proyectos comunes que beneficiar\u00e1n a la fanaticada del b\u00e9isbol.<\/p>\n<h6> 2014-11-07 13:00:35 <\/h6>\n<p><!--\n<link rel=\"stylesheet\" href=\"css\/bootstrap.min.css\">\n\n\n<ul class=\"pagination\">\n\t    \n\t\n\n<li >\n\t<a href='?page_no=16147'>Previous<\/a>\n\t<\/li>\n\n\n       \n    \n\n<li><a href='?page_no=1'>1<\/a><\/li>\n\n\n\n<li><a href='?page_no=2'>2<\/a><\/li>\n\n\n\n<li><a>...<\/a><\/li>\n\n\n\n<li><a href='?page_no=16146'>16146<\/a><\/li>\n\n\n\n<li><a href='?page_no=16147'>16147<\/a><\/li>\n\n\n\n<li class='active'><a>16148<\/a><\/li>\n\n\n\n<li><a href='?page_no=16149'>16149<\/a><\/li>\n\n\n\n<li><a href='?page_no=16150'>16150<\/a><\/li>\n\n\n\n<li><a>...<\/a><\/li>\n\n\n\n<li><a href='?page_no=36618'>36618<\/a><\/li>\n\n\n\n<li><a href='?page_no=36619'>36619<\/a><\/li>\n\n    \n\t\n\n<li >\n\t<a href='?page_no=16149'>Next<\/a>\n\t<\/li>\n\n\n    \n\n<li><a href='?page_no=36619'>Last &rsaquo;&rsaquo;<\/a><\/li>\n\n<\/ul>\n\n\n--><br \/>\n<\/body><\/p>\n","protected":false},"excerpt":{"rendered":"<p>Santo Domingo RD 7 noviembre.- El Presidente de la Liga de B\u00e9isbol Profesional de la Rep\u00fablica Dominicana, doctor Leonardo Matos Berrido, as\u00ed como los directivos de Licey y Escogido, Miguel Guerra, Presidente y Jos\u00e9 Miguel Bonetti, vicepresidente ejecutivo, respectivamente, estudian las posibilidades de expandir las \u00e1reas de parqueos del Estadio Quisqueya, de la capital. Los [&hellip;]<\/p>\n","protected":false},"author":3,"featured_media":0,"comment_status":"open","ping_status":"open","sticky":false,"template":"","format":"standard","meta":{"footnotes":""},"categories":[17],"tags":[],"class_list":["post-199668","post","type-post","status-publish","format-standard","hentry","category-deportes"],"_links":{"self":[{"href":"https:\/\/diariodominicano.com\/index.php?rest_route=\/wp\/v2\/posts\/199668","targetHints":{"allow":["GET"]}}],"collection":[{"href":"https:\/\/diariodominicano.com\/index.php?rest_route=\/wp\/v2\/posts"}],"about":[{"href":"https:\/\/diariodominicano.com\/index.php?rest_route=\/wp\/v2\/types\/post"}],"author":[{"embeddable":true,"href":"https:\/\/diariodominicano.com\/index.php?rest_route=\/wp\/v2\/users\/3"}],"replies":[{"embeddable":true,"href":"https:\/\/diariodominicano.com\/index.php?rest_route=%2Fwp%2Fv2%2Fcomments&post=199668"}],"version-history":[{"count":0,"href":"https:\/\/diariodominicano.com\/index.php?rest_route=\/wp\/v2\/posts\/199668\/revisions"}],"wp:attachment":[{"href":"https:\/\/diariodominicano.com\/index.php?rest_route=%2Fwp%2Fv2%2Fmedia&parent=199668"}],"wp:term":[{"taxonomy":"category","embeddable":true,"href":"https:\/\/diariodominicano.com\/index.php?rest_route=%2Fwp%2Fv2%2Fcategories&post=199668"},{"taxonomy":"post_tag","embeddable":true,"href":"https:\/\/diariodominicano.com\/index.php?rest_route=%2Fwp%2Fv2%2Ftags&post=199668"}],"curies":[{"name":"wp","href":"https:\/\/api.w.org\/{rel}","templated":true}]}}