{"id":199667,"date":"2014-11-07T15:19:43","date_gmt":"2014-11-07T15:19:43","guid":{"rendered":"http:\/\/diariodominicano.ddns.net\/?p=199667"},"modified":"2014-11-07T15:19:43","modified_gmt":"2014-11-07T15:19:43","slug":"comedores-economicos-y-udesa-celebran-dia-nacional-del-deporte","status":"publish","type":"post","link":"https:\/\/diariodominicano.com\/?p=199667","title":{"rendered":"Comedores Econ\u00f3micos y UDESA celebran D\u00eda Nacional del Deporte"},"content":{"rendered":"<p><body><\/p>\n<p>COMEDORES ECON\u00d3MICOS Y UDESA CELEBRAN D\u00cdA NACIONAL DEL DEPORTE<\/p>\n<\/p>\n<p>Los Comedores Econ\u00f3micos del Estado y la Uni\u00f3n Deportiva de Santiago (UDESA) celebraron de manera conjunta el D\u00eda Nacional del Deporte este jueves, en cuyo contextoreconocieron distinguidas personalidades y organizaciones de Santiago.<\/p>\n<\/p>\n<p>En la ceremonia de premiaci\u00f3n pronunciaron sendos discursos el administrador general de los comedores econ\u00f3micos, Monchy Rodr\u00edguez, y el presidente de la UDESA, profesor H\u00e9ctor de Padua, mientras que el padre C\u00e9sar Hilario celebr\u00f3 una eucarist\u00eda.<\/p>\n<\/p>\n<p>Al dirigirse a los presentes, el presidente de la UDESA destac\u00f3 las ventajas y beneficios de la inversi\u00f3n del Estado en los deportes en tanto favorece el sano desarrollo de la juventud.<\/p>\n<\/p>\n<p>De su lado, Monchy Rodriguez hizo hincapi\u00e9 en la necesidad de hacer cada vez mayores inversiones en la pr\u00e1ctica y fomento de las diferentes disciplinas deportivas, lo que consider\u00f3 un aliado del desarrollo f\u00edsico y mental de la juventud dominicana.<\/p>\n<\/p>\n<p>En los actos de celebraci\u00f3n fueron galardonados por la UDESA y los Comedores Econ\u00f3micos Guillermo Saleta, ex presidente la UDESA; H\u00e9ctor -Tito- Pereyra, presidente de la Federaci\u00f3n Dominicana de B\u00e9isbol y Winston -Chilote-Llenas, presidente advitam de las \u00c1guilas Cibae\u00f1as.<\/p>\n<\/p>\n<p>Galardonados fueron tambi\u00e9n Porfirio -Popo- Veras, gloria del deporte dominicano; Pedro Clime Rivas, presidente de la Asociaci\u00f3n de Clubes de la Provincia de Santiago, as\u00ed como los clubes, Barrio Obrero, Amor y Paz y San Mart\u00edn de Porres.<\/p>\n<\/p>\n<p> La entrega de los galardones fueron hechas por De Padua, Monchy Rodr\u00edguez, Radham\u00e9s Espinal, viceministro regional de La Juventud; Margarita J\u00e1quez, ejecutiva de la UDESA; F\u00e9lix Alc\u00e1ntara, director municipal de deportes del Ministerio Dominicano de Deportes; Fernando Bonilla, de la Oficina Senatorial y V\u00edctor D\u00edaz, asesor operativo de los Comedores Econ\u00f3micos.<\/p>\n<\/p>\n<p> Tambi\u00e9n por In\u00e9s Abinader, encargada de asistencia social de los Comedores Econ\u00f3micos; Jos\u00e9 Arturo Tatis, dirigente deportivo; Manuel G\u00fcichardo, de la Procuradur\u00eda Fiscal de Santiago; Timoteo P\u00e9rez, presidente de la Asociaci\u00f3n de Gimnasia de Santiago, as\u00ed como los directivos de la UDESA, Ana Elsa Santos y Tony Estrella, entre otros.<\/p>\n<h6> 2014-11-07 15:19:43 <\/h6>\n<p><!--\n<link rel=\"stylesheet\" href=\"css\/bootstrap.min.css\">\n\n\n<ul class=\"pagination\">\n\t    \n\t\n\n<li >\n\t<a href='?page_no=16146'>Previous<\/a>\n\t<\/li>\n\n\n       \n    \n\n<li><a href='?page_no=1'>1<\/a><\/li>\n\n\n\n<li><a href='?page_no=2'>2<\/a><\/li>\n\n\n\n<li><a>...<\/a><\/li>\n\n\n\n<li><a href='?page_no=16145'>16145<\/a><\/li>\n\n\n\n<li><a href='?page_no=16146'>16146<\/a><\/li>\n\n\n\n<li class='active'><a>16147<\/a><\/li>\n\n\n\n<li><a href='?page_no=16148'>16148<\/a><\/li>\n\n\n\n<li><a href='?page_no=16149'>16149<\/a><\/li>\n\n\n\n<li><a>...<\/a><\/li>\n\n\n\n<li><a href='?page_no=36618'>36618<\/a><\/li>\n\n\n\n<li><a href='?page_no=36619'>36619<\/a><\/li>\n\n    \n\t\n\n<li >\n\t<a href='?page_no=16148'>Next<\/a>\n\t<\/li>\n\n\n    \n\n<li><a href='?page_no=36619'>Last &rsaquo;&rsaquo;<\/a><\/li>\n\n<\/ul>\n\n\n--><br \/>\n<\/body><\/p>\n","protected":false},"excerpt":{"rendered":"<p>COMEDORES ECON\u00d3MICOS Y UDESA CELEBRAN D\u00cdA NACIONAL DEL DEPORTE Los Comedores Econ\u00f3micos del Estado y la Uni\u00f3n Deportiva de Santiago (UDESA) celebraron de manera conjunta el D\u00eda Nacional del Deporte este jueves, en cuyo contextoreconocieron distinguidas personalidades y organizaciones de Santiago. En la ceremonia de premiaci\u00f3n pronunciaron sendos discursos el administrador general de los comedores [&hellip;]<\/p>\n","protected":false},"author":3,"featured_media":0,"comment_status":"open","ping_status":"open","sticky":false,"template":"","format":"standard","meta":{"footnotes":""},"categories":[17],"tags":[],"class_list":["post-199667","post","type-post","status-publish","format-standard","hentry","category-deportes"],"_links":{"self":[{"href":"https:\/\/diariodominicano.com\/index.php?rest_route=\/wp\/v2\/posts\/199667","targetHints":{"allow":["GET"]}}],"collection":[{"href":"https:\/\/diariodominicano.com\/index.php?rest_route=\/wp\/v2\/posts"}],"about":[{"href":"https:\/\/diariodominicano.com\/index.php?rest_route=\/wp\/v2\/types\/post"}],"author":[{"embeddable":true,"href":"https:\/\/diariodominicano.com\/index.php?rest_route=\/wp\/v2\/users\/3"}],"replies":[{"embeddable":true,"href":"https:\/\/diariodominicano.com\/index.php?rest_route=%2Fwp%2Fv2%2Fcomments&post=199667"}],"version-history":[{"count":0,"href":"https:\/\/diariodominicano.com\/index.php?rest_route=\/wp\/v2\/posts\/199667\/revisions"}],"wp:attachment":[{"href":"https:\/\/diariodominicano.com\/index.php?rest_route=%2Fwp%2Fv2%2Fmedia&parent=199667"}],"wp:term":[{"taxonomy":"category","embeddable":true,"href":"https:\/\/diariodominicano.com\/index.php?rest_route=%2Fwp%2Fv2%2Fcategories&post=199667"},{"taxonomy":"post_tag","embeddable":true,"href":"https:\/\/diariodominicano.com\/index.php?rest_route=%2Fwp%2Fv2%2Ftags&post=199667"}],"curies":[{"name":"wp","href":"https:\/\/api.w.org\/{rel}","templated":true}]}}