{"id":199658,"date":"2014-11-08T18:26:19","date_gmt":"2014-11-08T18:26:19","guid":{"rendered":"http:\/\/diariodominicano.ddns.net\/?p=199658"},"modified":"2014-11-08T18:26:19","modified_gmt":"2014-11-08T18:26:19","slug":"san-judas-tadeo-se-corona-campeon-juegos-la-romana-2014","status":"publish","type":"post","link":"https:\/\/diariodominicano.com\/?p=199658","title":{"rendered":"San Judas Tadeo se corona campe\u00f3n Juegos La Romana 2014"},"content":{"rendered":"<p><body><\/p>\n<p><img decoding=\"async\" src=\"img3\/futbol.jpg\" \/>  <\/p>\n<p><span class=\"text1noticias\">La Romana, RD, 8 de noviembre.- El colegio San Judas Tadeo se coron\u00f3 campe\u00f3n de futbol masculino y f\u00fatbol sala masculino, de los VI Juegos Nacionales Escolares, La Romana 2014, donde participaron representando la zona metropolitana.<\/span><\/p>\n<\/p>\n<p><span class=\"text1noticias\">Asimismo, durante la liga intercolegial Deportiva de f\u00fatbol 7 obtuvieron el campeonato en intermedio y juvenil masculino, sub-campeones en mini e infantil masculino, en los cuartos de finales en la copa Claro de Futsal masculino.<\/span><\/p>\n<\/p>\n<p><span class=\"text1noticias\">Los entrenadores F\u00e9lix Herasme, Juan Evangelista y Roberto D\u00edaz, Osman Javier Becerra G\u00f3mez y el delegado de f\u00fatbol Orlando Taveras, fueron pieza clave para el triunfo que hoy exhibe el San Judas Tadeo.<\/span><\/p>\n<\/p>\n<p><span class=\"text1noticias\">Por otro lado la direcci\u00f3n del centro educativo y deportivo, design\u00f3 a los entrenadores espa\u00f1oles Roberto y Carlos D\u00edaz, en la iniciaci\u00f3n de los conocimientos para las practica del f\u00fatbol a ni\u00f1os del curso 1ero. B, que dirige la profesora Patricia Matos.(HG)<\/span>.  <\/p>\n<h6> 2014-11-08 18:26:19 <\/h6>\n<p><!--\n<link rel=\"stylesheet\" href=\"css\/bootstrap.min.css\">\n\n\n<ul class=\"pagination\">\n\t    \n\t\n\n<li >\n\t<a href='?page_no=16138'>Previous<\/a>\n\t<\/li>\n\n\n       \n    \n\n<li><a href='?page_no=1'>1<\/a><\/li>\n\n\n\n<li><a href='?page_no=2'>2<\/a><\/li>\n\n\n\n<li><a>...<\/a><\/li>\n\n\n\n<li><a href='?page_no=16137'>16137<\/a><\/li>\n\n\n\n<li><a href='?page_no=16138'>16138<\/a><\/li>\n\n\n\n<li class='active'><a>16139<\/a><\/li>\n\n\n\n<li><a href='?page_no=16140'>16140<\/a><\/li>\n\n\n\n<li><a href='?page_no=16141'>16141<\/a><\/li>\n\n\n\n<li><a>...<\/a><\/li>\n\n\n\n<li><a href='?page_no=36618'>36618<\/a><\/li>\n\n\n\n<li><a href='?page_no=36619'>36619<\/a><\/li>\n\n    \n\t\n\n<li >\n\t<a href='?page_no=16140'>Next<\/a>\n\t<\/li>\n\n\n    \n\n<li><a href='?page_no=36619'>Last &rsaquo;&rsaquo;<\/a><\/li>\n\n<\/ul>\n\n\n--><br \/>\n<\/body><\/p>\n","protected":false},"excerpt":{"rendered":"<p>La Romana, RD, 8 de noviembre.- El colegio San Judas Tadeo se coron\u00f3 campe\u00f3n de futbol masculino y f\u00fatbol sala masculino, de los VI Juegos Nacionales Escolares, La Romana 2014, donde participaron representando la zona metropolitana. Asimismo, durante la liga intercolegial Deportiva de f\u00fatbol 7 obtuvieron el campeonato en intermedio y juvenil masculino, sub-campeones en [&hellip;]<\/p>\n","protected":false},"author":3,"featured_media":0,"comment_status":"open","ping_status":"open","sticky":false,"template":"","format":"standard","meta":{"footnotes":""},"categories":[17],"tags":[],"class_list":["post-199658","post","type-post","status-publish","format-standard","hentry","category-deportes"],"_links":{"self":[{"href":"https:\/\/diariodominicano.com\/index.php?rest_route=\/wp\/v2\/posts\/199658","targetHints":{"allow":["GET"]}}],"collection":[{"href":"https:\/\/diariodominicano.com\/index.php?rest_route=\/wp\/v2\/posts"}],"about":[{"href":"https:\/\/diariodominicano.com\/index.php?rest_route=\/wp\/v2\/types\/post"}],"author":[{"embeddable":true,"href":"https:\/\/diariodominicano.com\/index.php?rest_route=\/wp\/v2\/users\/3"}],"replies":[{"embeddable":true,"href":"https:\/\/diariodominicano.com\/index.php?rest_route=%2Fwp%2Fv2%2Fcomments&post=199658"}],"version-history":[{"count":0,"href":"https:\/\/diariodominicano.com\/index.php?rest_route=\/wp\/v2\/posts\/199658\/revisions"}],"wp:attachment":[{"href":"https:\/\/diariodominicano.com\/index.php?rest_route=%2Fwp%2Fv2%2Fmedia&parent=199658"}],"wp:term":[{"taxonomy":"category","embeddable":true,"href":"https:\/\/diariodominicano.com\/index.php?rest_route=%2Fwp%2Fv2%2Fcategories&post=199658"},{"taxonomy":"post_tag","embeddable":true,"href":"https:\/\/diariodominicano.com\/index.php?rest_route=%2Fwp%2Fv2%2Ftags&post=199658"}],"curies":[{"name":"wp","href":"https:\/\/api.w.org\/{rel}","templated":true}]}}