{"id":199639,"date":"2014-11-11T13:01:45","date_gmt":"2014-11-11T13:01:45","guid":{"rendered":"http:\/\/diariodominicano.ddns.net\/?p=199639"},"modified":"2014-11-11T13:01:45","modified_gmt":"2014-11-11T13:01:45","slug":"voleibol-rd-buscara-ampliar-su-dinastia","status":"publish","type":"post","link":"https:\/\/diariodominicano.com\/?p=199639","title":{"rendered":"&#13;Voleibol RD buscar\u00e1 ampliar su dinast\u00eda"},"content":{"rendered":"<p><body><\/p>\n<p><img decoding=\"async\" src=\"img3\/mascu 11.jpeg\" \/><br \/><img decoding=\"async\" src=\"img3\/dirige 11.jpeg\" \/>  <\/p>\n<p>Santo Domingo RD 11 noviembre.- Cuando parta esta noche hacia Veracruz, la selecci\u00f3n femenina de voleibol dejar\u00e1 la impresi\u00f3n de que ir\u00e1 a buscar una de las medallas de oro m\u00e1s seguras de todas las que se tienen proyectadas para la delegaci\u00f3n dominicana en los pr\u00f3ximos Juegos Centroamericanos y del Caribe.<\/p>\n<\/p>\n<p>Obtener su cuarta presea dorada consecutiva en la justa regional parece que ser\u00e1 pan com\u00edo? para unas \u00abReinas del Caribe\u00bb que est\u00e1n en el mejor momento de su historia.<\/p>\n<\/p>\n<p>Con Cuba a\u00fan en etapa de transici\u00f3n, todo luce indicar que Dominicana ampliar\u00e1 la dinast\u00eda que comenz\u00f3 el a\u00f1o 2002 en El Salvador, continu\u00f3 en Cartagena, Colombia (2006), y se afianz\u00f3 en Mayag\u00fcez, Puerto Rico (2010).<\/p>\n<\/p>\n<p>El colectivo que dirige Marcos Kwiek viene de ocupar un in\u00e9dito quinto lugar en el pasado Campeonato Mundial de Italia y ahora est\u00e1 clasificado sexto en el escalaf\u00f3n de la Federaci\u00f3n Internacional de Voleibol (FIVB).<\/p>\n<\/p>\n<p>\u00abLas chicas dieron ah\u00ed el paso m\u00e1s gigante del Proyecto Nacional de Voleibol\u00bb, expres\u00f3 Milagros Cabral, ex capitana por varios del colectivo.<\/p>\n<\/p>\n<p>\u00abComo jugadora que fui, s\u00e9 que hay que respetar a los rivales, pero yo espero ese oro y pienso que lo voy a ver porque estar\u00e9 ah\u00ed con ellas debido a que el Ministerio de Deportes me ha designado para que vaya a Veracruz\u00bb, declar\u00f3 la hoy funcionaria de esa cartera quien jug\u00f3 389 juegos internacionales con el equipo.<\/p>\n<\/p>\n<p>Kweik cauteloso<\/p>\n<p>Kwiek es cauto a la hora de hacer vaticinios porque sabe que no es inteligente subestimar a Cuba y Puerto Rico, principalmente.<\/p>\n<\/p>\n<p>\u00abCuba es un equipo que ha jugado todos los torneos este a\u00f1o y han tenido una buena preparaci\u00f3n\u00bb, manifest\u00f3 el entrenador brasile\u00f1o sobre el equipo que colecciona nueve  de oro en los Juegos Centroamericanos y del Caribe.<\/p>\n<\/p>\n<p>Con relaci\u00f3n a Borinquen se\u00f1al\u00f3 que viene de realizar una buena actuaci\u00f3n en el Mundial de Italia, donde clasific\u00f3 para los cuartos de finales.<\/p>\n<\/p>\n<p>\u00abSon los dos equipos que yo entiendo tienen m\u00e1s posibilidades de ganarnos, pero no podemos descuidarnos de los dem\u00e1s, como Venezuela y Colombia, que son buenos tambi\u00e9n\u00bb, expres\u00f3.<\/p>\n<\/p>\n<p>En cierta manera a Kwiek le preocupa el desgaste f\u00edsico que tuvieron las integrantes del representativo nacional en el Mundial de Italia y el poco tiempo que, entiende, han tenido para recuperarse.<\/p>\n<\/p>\n<p>\u00c9l ser\u00e1 asistido por Wilson S\u00e1nchez, W\u00e1gner Pacheco y Alexandre Secato.<\/p>\n<\/p>\n<p>Las competencias femeninas de voleibol ser\u00e1n del 15 al 20 de este mes en la Arena C\u00f3rdoba, de la ciudad del mismo nombre, una de las subsedes de la cita regional, y la de los hombres del 25 al 30.<\/p>\n<\/p>\n<p>Los planteles de Dominicana, Cuba, Colombia y Venezuela competir\u00e1n en el Grupo \u00abA\u00bb, mientras que por la llave B, aparecen el local, M\u00e9xico, acompa\u00f1ado de Puerto Rico, Costa Rica y Trinidad y Tobago.<\/p>\n<\/p>\n<p>Seg\u00fan el sistema de competencia los ganadores de cada grupo avanzan directamente a la fase semifinal, en tanto, los segundos y terceros lugares se medir\u00e1n de manera cruzada para buscar los otros semifinalistas.<\/p>\n<\/p>\n<p>Equipo masculino: \u00abAhora es\u00bb<\/p>\n<p>El sexteto masculino dominicano est\u00e1 renovado en un 70 por ciento y espera subir al p\u00f3dium por primera vez desde 1986, cuando conquist\u00f3 la tercera medalla de plata de su historia en Santiago ?86.<\/p>\n<\/p>\n<p>La escuadra tiene una media de 24 a\u00f1os y la encabezan el gigante Jos\u00e9 -El Clavito- C\u00e1ceres, el explosivo salidor Elvis &#8211;Peco- Contreras y el universal Germ\u00e1n Recio.En las anteriores tres ediciones de los juegos, Dominicana perdi\u00f3 en cinco sets la disputa por el bronce. En el 2002 y 2010 ante M\u00e9xico y en el 2006, v\u00edctima de Venezuela.<\/p>\n<\/p>\n<p>Los mexicanos tambi\u00e9n privaron el pasado mes a los quisqueyanos de clasificar para el  Campeonato Mundial Sub-23, de donde vienen la mayor\u00eda de los voleibolistas que conforman ahora la escuadra de mayores, al derrotarlo tambi\u00e9n en 5 disputados sets.<\/p>\n<\/p>\n<p>\u00abM\u00e9xico se ha convertido en el clavito en el zapato del voleibol masculino dominicano\u00bb, manifest\u00f3 Nelson Ram\u00edrez, secretario de la Federaci\u00f3n Dominicana de Voleibol y gerente del equipo.<\/p>\n<\/p>\n<p>\u00abNosotros esperamos esta vez vencerlo en su propia casa. Est\u00e1n todas las condiciones dadas para romper el hielo\u00bb, consider\u00f3. \u00abAhora es\u00bb.<\/p>\n<\/p>\n<p>El equipo dirigido por Jos\u00e9 \u00c1lvarez Cuti\u00f1o, de Cuba, ten\u00eda programado salir ayer para la Mayor de Las Antillas ha realizar con el trabuco de all\u00ed una serie de foguos de ocho partidos.<\/p>\n<\/p>\n<p>Rep\u00fablica Dominicana compartir\u00e1 el Grupo \u00abA\u00bb con Colombia, M\u00e9xico y Trinidad y Tobago, mientras que en el de la muerte, el \u00abB\u00bb, reunir\u00e1 a Cuba, Puerto Rico, Venezuela y Barbados.<\/p>\n<h6> 2014-11-11 13:01:45 <\/h6>\n<p><!--\n<link rel=\"stylesheet\" href=\"css\/bootstrap.min.css\">\n\n\n<ul class=\"pagination\">\n\t    \n\t\n\n<li >\n\t<a href='?page_no=16120'>Previous<\/a>\n\t<\/li>\n\n\n       \n    \n\n<li><a href='?page_no=1'>1<\/a><\/li>\n\n\n\n<li><a href='?page_no=2'>2<\/a><\/li>\n\n\n\n<li><a>...<\/a><\/li>\n\n\n\n<li><a href='?page_no=16119'>16119<\/a><\/li>\n\n\n\n<li><a href='?page_no=16120'>16120<\/a><\/li>\n\n\n\n<li class='active'><a>16121<\/a><\/li>\n\n\n\n<li><a href='?page_no=16122'>16122<\/a><\/li>\n\n\n\n<li><a href='?page_no=16123'>16123<\/a><\/li>\n\n\n\n<li><a>...<\/a><\/li>\n\n\n\n<li><a href='?page_no=36618'>36618<\/a><\/li>\n\n\n\n<li><a href='?page_no=36619'>36619<\/a><\/li>\n\n    \n\t\n\n<li >\n\t<a href='?page_no=16122'>Next<\/a>\n\t<\/li>\n\n\n    \n\n<li><a href='?page_no=36619'>Last &rsaquo;&rsaquo;<\/a><\/li>\n\n<\/ul>\n\n\n--><br \/>\n<\/body><\/p>\n","protected":false},"excerpt":{"rendered":"<p>Santo Domingo RD 11 noviembre.- Cuando parta esta noche hacia Veracruz, la selecci\u00f3n femenina de voleibol dejar\u00e1 la impresi\u00f3n de que ir\u00e1 a buscar una de las medallas de oro m\u00e1s seguras de todas las que se tienen proyectadas para la delegaci\u00f3n dominicana en los pr\u00f3ximos Juegos Centroamericanos y del Caribe. Obtener su cuarta presea [&hellip;]<\/p>\n","protected":false},"author":3,"featured_media":0,"comment_status":"open","ping_status":"open","sticky":false,"template":"","format":"standard","meta":{"footnotes":""},"categories":[17],"tags":[],"class_list":["post-199639","post","type-post","status-publish","format-standard","hentry","category-deportes"],"_links":{"self":[{"href":"https:\/\/diariodominicano.com\/index.php?rest_route=\/wp\/v2\/posts\/199639","targetHints":{"allow":["GET"]}}],"collection":[{"href":"https:\/\/diariodominicano.com\/index.php?rest_route=\/wp\/v2\/posts"}],"about":[{"href":"https:\/\/diariodominicano.com\/index.php?rest_route=\/wp\/v2\/types\/post"}],"author":[{"embeddable":true,"href":"https:\/\/diariodominicano.com\/index.php?rest_route=\/wp\/v2\/users\/3"}],"replies":[{"embeddable":true,"href":"https:\/\/diariodominicano.com\/index.php?rest_route=%2Fwp%2Fv2%2Fcomments&post=199639"}],"version-history":[{"count":0,"href":"https:\/\/diariodominicano.com\/index.php?rest_route=\/wp\/v2\/posts\/199639\/revisions"}],"wp:attachment":[{"href":"https:\/\/diariodominicano.com\/index.php?rest_route=%2Fwp%2Fv2%2Fmedia&parent=199639"}],"wp:term":[{"taxonomy":"category","embeddable":true,"href":"https:\/\/diariodominicano.com\/index.php?rest_route=%2Fwp%2Fv2%2Fcategories&post=199639"},{"taxonomy":"post_tag","embeddable":true,"href":"https:\/\/diariodominicano.com\/index.php?rest_route=%2Fwp%2Fv2%2Ftags&post=199639"}],"curies":[{"name":"wp","href":"https:\/\/api.w.org\/{rel}","templated":true}]}}