{"id":199633,"date":"2014-11-11T20:07:28","date_gmt":"2014-11-11T20:07:28","guid":{"rendered":"http:\/\/diariodominicano.ddns.net\/?p=199633"},"modified":"2014-11-11T20:07:28","modified_gmt":"2014-11-11T20:07:28","slug":"jack-michael-pieza-clave-equipo-nacional-ira-a-veracruz","status":"publish","type":"post","link":"https:\/\/diariodominicano.com\/?p=199633","title":{"rendered":"Jack Michael pieza clave equipo nacional ir\u00e1 a Veracruz&#13;"},"content":{"rendered":"<p><body><\/p>\n<p><img decoding=\"async\" src=\"img3\/Martinez.jpg\" \/>  <\/p>\n<p><span class=\"text1noticias\">Santo Domingo, RD.-La selecci\u00f3n nacional dominicana de baloncesto contin\u00faa su preparaci\u00f3n con miras a su participaci\u00f3n en los Juegos Centroamericanos y del Caribe de Veracruz, en M\u00e9xico.<\/span><\/p>\n<\/p>\n<p><span class=\"text1noticias\">Del mejor plantel de jugadores que puedan combinar estar\u00e1n los resultados y las metas anheladas, obtener una medalla.<\/span><\/p>\n<\/p>\n<p><span class=\"text1noticias\">Y es que para tales fines, la figura del delantero de poder Jack Michael Mart\u00ednez juega un papel preponderante, ya que es la principal figura en la estructuraci\u00f3n del equipo y esperan su pronta integraci\u00f3n que podr\u00eda ser en esta semana.<\/span><\/p>\n<\/p>\n<p><span class=\"text1noticias\">La aseveraci\u00f3n la hace el gerente general del conjunto quisqueyano, Ra\u00fal Pe\u00f1a (El Koby), quien expres\u00f3 a El Nacional que \u00abvamos bien, los entrenamientos se han cumplido a la perfecci\u00f3n a cargo del dirigente Jos\u00e9 -Boy\u00f3n- Dom\u00ednguez y sus asistente Melvyn L\u00f3pez\u00bb.<\/span><\/p>\n<\/p>\n<p><span class=\"text1noticias\">\u00abCon Jack Michael es que contamos para lograr un buen papel en Veracruz, unido a los jugadores Edward Santana, V\u00edctor Liz y Juan Coronado, que se integran este martes y mi\u00e9rcoles a las pr\u00e1ctica que realizamos en el club Mauricio B\u00e1ez\u00bb, dijo Pe\u00f1a.<\/span><\/p>\n<\/p>\n<p><span class=\"text1noticias\">Indic\u00f3 que los  jugadores integrados son Luis Mart\u00ednez (Dominguito), Jos\u00e9 Acosta, los hermanos Gerardo y Juan Miguel Suero y Manuel y Jos\u00e9 Fortuna, Kelvin Pe\u00f1a, Amaury Fili\u00f3n, Joel Ram\u00edrez, Juan Pablo Mont\u00e1s, Bryan Mart\u00ednez y Reyson Beato, entre otros.<\/span><\/p>\n<\/p>\n<p><span class=\"text1noticias\">Pe\u00f1a inform\u00f3 que sali\u00f3 del equipo el jugador nacionalizado James Maye, quien  sufri\u00f3 una lesi\u00f3n en el tend\u00f3n de Aquiles del pie izquierdo durante los entrenamientos.<\/span><\/p>\n<p><span class=\"text1noticias\"> <\/span><\/p>\n<p><span class=\"text1noticias\"><strong>Fogueos ante Puerto Rico<\/strong><\/span><\/p>\n<\/p>\n<p><span class=\"text1noticias\">Ra\u00fal Pe\u00f1a inform\u00f3 que este viernes inician la serie de fogueos ante sus hom\u00f3logos de Puerto Rico. En esta vez ser\u00e1 en la rama femenina, en dos jornadas de d\u00edas seguidos.<\/span><\/p>\n<\/p>\n<p><span class=\"text1noticias\">Y los masculinos, se foguear\u00e1n los d\u00edas 18 y 19. Ambos intercambios ser\u00e1n a partir de las 7:00 de la noche, en el polideportivo de Villa Juana.<\/span><\/p>\n<\/p>\n<p><span class=\"text1noticias\">Las mujeres se van a Veracruz el domingo 16, mientras que los varones lo har\u00e1n el 20.(HG)<\/span>.<\/p>\n<h6> 2014-11-11 20:07:28 <\/h6>\n<p><!--\n<link rel=\"stylesheet\" href=\"css\/bootstrap.min.css\">\n\n\n<ul class=\"pagination\">\n\t    \n\t\n\n<li >\n\t<a href='?page_no=16115'>Previous<\/a>\n\t<\/li>\n\n\n       \n    \n\n<li><a href='?page_no=1'>1<\/a><\/li>\n\n\n\n<li><a href='?page_no=2'>2<\/a><\/li>\n\n\n\n<li><a>...<\/a><\/li>\n\n\n\n<li><a href='?page_no=16114'>16114<\/a><\/li>\n\n\n\n<li><a href='?page_no=16115'>16115<\/a><\/li>\n\n\n\n<li class='active'><a>16116<\/a><\/li>\n\n\n\n<li><a href='?page_no=16117'>16117<\/a><\/li>\n\n\n\n<li><a href='?page_no=16118'>16118<\/a><\/li>\n\n\n\n<li><a>...<\/a><\/li>\n\n\n\n<li><a href='?page_no=36618'>36618<\/a><\/li>\n\n\n\n<li><a href='?page_no=36619'>36619<\/a><\/li>\n\n    \n\t\n\n<li >\n\t<a href='?page_no=16117'>Next<\/a>\n\t<\/li>\n\n\n    \n\n<li><a href='?page_no=36619'>Last &rsaquo;&rsaquo;<\/a><\/li>\n\n<\/ul>\n\n\n--><br \/>\n<\/body><\/p>\n","protected":false},"excerpt":{"rendered":"<p>Santo Domingo, RD.-La selecci\u00f3n nacional dominicana de baloncesto contin\u00faa su preparaci\u00f3n con miras a su participaci\u00f3n en los Juegos Centroamericanos y del Caribe de Veracruz, en M\u00e9xico. Del mejor plantel de jugadores que puedan combinar estar\u00e1n los resultados y las metas anheladas, obtener una medalla. Y es que para tales fines, la figura del delantero [&hellip;]<\/p>\n","protected":false},"author":3,"featured_media":0,"comment_status":"open","ping_status":"open","sticky":false,"template":"","format":"standard","meta":{"footnotes":""},"categories":[17],"tags":[],"class_list":["post-199633","post","type-post","status-publish","format-standard","hentry","category-deportes"],"_links":{"self":[{"href":"https:\/\/diariodominicano.com\/index.php?rest_route=\/wp\/v2\/posts\/199633","targetHints":{"allow":["GET"]}}],"collection":[{"href":"https:\/\/diariodominicano.com\/index.php?rest_route=\/wp\/v2\/posts"}],"about":[{"href":"https:\/\/diariodominicano.com\/index.php?rest_route=\/wp\/v2\/types\/post"}],"author":[{"embeddable":true,"href":"https:\/\/diariodominicano.com\/index.php?rest_route=\/wp\/v2\/users\/3"}],"replies":[{"embeddable":true,"href":"https:\/\/diariodominicano.com\/index.php?rest_route=%2Fwp%2Fv2%2Fcomments&post=199633"}],"version-history":[{"count":0,"href":"https:\/\/diariodominicano.com\/index.php?rest_route=\/wp\/v2\/posts\/199633\/revisions"}],"wp:attachment":[{"href":"https:\/\/diariodominicano.com\/index.php?rest_route=%2Fwp%2Fv2%2Fmedia&parent=199633"}],"wp:term":[{"taxonomy":"category","embeddable":true,"href":"https:\/\/diariodominicano.com\/index.php?rest_route=%2Fwp%2Fv2%2Fcategories&post=199633"},{"taxonomy":"post_tag","embeddable":true,"href":"https:\/\/diariodominicano.com\/index.php?rest_route=%2Fwp%2Fv2%2Ftags&post=199633"}],"curies":[{"name":"wp","href":"https:\/\/api.w.org\/{rel}","templated":true}]}}