{"id":199617,"date":"2014-11-14T12:46:40","date_gmt":"2014-11-14T12:46:40","guid":{"rendered":"http:\/\/diariodominicano.ddns.net\/?p=199617"},"modified":"2014-11-14T12:46:40","modified_gmt":"2014-11-14T12:46:40","slug":"moca-sera-sede-juegos-nacionales-estudiantiles","status":"publish","type":"post","link":"https:\/\/diariodominicano.com\/?p=199617","title":{"rendered":"Moca ser\u00e1 sede Juegos Nacionales Estudiantiles"},"content":{"rendered":"<p><body><\/p>\n<p><img decoding=\"async\" src=\"img3\/moca 14.jpg\" \/>  <\/p>\n<p>Moca ser\u00e1 sede Juegos Nacionales Estudiantiles<\/p>\n<p>Por NICOL\u00c1S ARROYO RAMOS<\/p>\n<\/p>\n<p>Ya la dirigencia mocana prepara estos juegos.<\/p>\n<p>MOCA.- La ciudad de Moca, llamada con orgullo \u00a8Villa Heroica, Cuna de H\u00e9roes y Sepulturera de Tiranos\u00a8, ser\u00e1 en mayo del 2016, la sede de los VII Juegos Deportivos Nacionales Estudiantiles, por cuya raz\u00f3n una amplia delegaci\u00f3n de personalidades de esta comunidad, acudieron en masa a la ciudad de la Romana a recibir con alegr\u00eda y j\u00fabilo la antorcha que iluminar\u00e1 esta gran fiesta deportiva nacional.<\/p>\n<p>El ministro de Educaci\u00f3n, Carlos Amarante Baret, quien es nativo de aqu\u00ed, clausur\u00f3 los Sextos Juegos Deportivos Escolares celebrados en La Romana, con una ceremonia en el Polideportivo Eleonocio Mercedes y la entrega de la antorcha de la pr\u00f3xima sede a una amplia comitiva de la ciudad de Moca, donde en Mayo del 2016 se estar\u00e1 celebrando la S\u00e9ptima Versi\u00f3n de estos juegos.<\/p>\n<p>Autoridades, funcionarios del gobierno, personalidades deportivas, deportistas, viejas glorias deportivas, empresarios, educadores, estudiantes, promotores sociales, artistas, periodistas y comunicadores, acudieron ayer desde Moca a la ciudad de la Romana a recibir con mucha algarab\u00eda el pebetero que durante d\u00edas iluminar\u00e1 este encuentro deportivo.<\/p>\n<p>La delegaci\u00f3n de mocanos estuvo encabezada por el alcalde del municipio, Remberto Cruz; el gobernador de la provincia Espaillat, Dilon\u00e9 Ovalles; el senador, doctor Jos\u00e9 Rafael Vargas; Juan Francisco Caraballo, director ejecutivo del INTABACO y aspirante a senador; el director del Plan Estrat\u00e9gico, Gabriel Guzm\u00e1n; el presidente de la Uni\u00f3n Deportiva de la provincia Espaillat,  Jos\u00e9 Gillermo L\u00f3pez; el promotor deportivo y ex deportista Rafael Castillo; el empresario y director regional de deporte, Juan Santiago Cabrera; profesores y estudiantes.<\/p>\n<p>Adem\u00e1s, integraron la amplia comisi\u00f3n de mocanos que llegaron hasta La Romana a recibir la antorcha, Miguelina Garc\u00eda de Amarante Baret, esposa del ministro de educaci\u00f3n y madrina de los juegos; la profesora Milagros Rosario Candelier, presidenta de la Uni\u00f3n de Juntas de Vecinos de Moca; arquitecta Emilia Lantigua, vicepresidenta del PEDEPE; los artistas Carlos Brito y Adalgiza S\u00e1nchez, periodistas y comunicadores; las viejas glorias deportivas de Moca: \u00c1ngel Feliz, El Chulo Pereyra, Anny Ortiz y las hermanas Teresa y Belkis Alm\u00e1nzar.<\/p>\n<h6> 2014-11-14 12:46:40 <\/h6>\n<p><!--\n<link rel=\"stylesheet\" href=\"css\/bootstrap.min.css\">\n\n\n<ul class=\"pagination\">\n\t    \n\t\n\n<li >\n\t<a href='?page_no=16100'>Previous<\/a>\n\t<\/li>\n\n\n       \n    \n\n<li><a href='?page_no=1'>1<\/a><\/li>\n\n\n\n<li><a href='?page_no=2'>2<\/a><\/li>\n\n\n\n<li><a>...<\/a><\/li>\n\n\n\n<li><a href='?page_no=16099'>16099<\/a><\/li>\n\n\n\n<li><a href='?page_no=16100'>16100<\/a><\/li>\n\n\n\n<li class='active'><a>16101<\/a><\/li>\n\n\n\n<li><a href='?page_no=16102'>16102<\/a><\/li>\n\n\n\n<li><a href='?page_no=16103'>16103<\/a><\/li>\n\n\n\n<li><a>...<\/a><\/li>\n\n\n\n<li><a href='?page_no=36618'>36618<\/a><\/li>\n\n\n\n<li><a href='?page_no=36619'>36619<\/a><\/li>\n\n    \n\t\n\n<li >\n\t<a href='?page_no=16102'>Next<\/a>\n\t<\/li>\n\n\n    \n\n<li><a href='?page_no=36619'>Last &rsaquo;&rsaquo;<\/a><\/li>\n\n<\/ul>\n\n\n--><br \/>\n<\/body><\/p>\n","protected":false},"excerpt":{"rendered":"<p>Moca ser\u00e1 sede Juegos Nacionales Estudiantiles Por NICOL\u00c1S ARROYO RAMOS Ya la dirigencia mocana prepara estos juegos. MOCA.- La ciudad de Moca, llamada con orgullo \u00a8Villa Heroica, Cuna de H\u00e9roes y Sepulturera de Tiranos\u00a8, ser\u00e1 en mayo del 2016, la sede de los VII Juegos Deportivos Nacionales Estudiantiles, por cuya raz\u00f3n una amplia delegaci\u00f3n de [&hellip;]<\/p>\n","protected":false},"author":3,"featured_media":0,"comment_status":"open","ping_status":"open","sticky":false,"template":"","format":"standard","meta":{"footnotes":""},"categories":[17],"tags":[],"class_list":["post-199617","post","type-post","status-publish","format-standard","hentry","category-deportes"],"_links":{"self":[{"href":"https:\/\/diariodominicano.com\/index.php?rest_route=\/wp\/v2\/posts\/199617","targetHints":{"allow":["GET"]}}],"collection":[{"href":"https:\/\/diariodominicano.com\/index.php?rest_route=\/wp\/v2\/posts"}],"about":[{"href":"https:\/\/diariodominicano.com\/index.php?rest_route=\/wp\/v2\/types\/post"}],"author":[{"embeddable":true,"href":"https:\/\/diariodominicano.com\/index.php?rest_route=\/wp\/v2\/users\/3"}],"replies":[{"embeddable":true,"href":"https:\/\/diariodominicano.com\/index.php?rest_route=%2Fwp%2Fv2%2Fcomments&post=199617"}],"version-history":[{"count":0,"href":"https:\/\/diariodominicano.com\/index.php?rest_route=\/wp\/v2\/posts\/199617\/revisions"}],"wp:attachment":[{"href":"https:\/\/diariodominicano.com\/index.php?rest_route=%2Fwp%2Fv2%2Fmedia&parent=199617"}],"wp:term":[{"taxonomy":"category","embeddable":true,"href":"https:\/\/diariodominicano.com\/index.php?rest_route=%2Fwp%2Fv2%2Fcategories&post=199617"},{"taxonomy":"post_tag","embeddable":true,"href":"https:\/\/diariodominicano.com\/index.php?rest_route=%2Fwp%2Fv2%2Ftags&post=199617"}],"curies":[{"name":"wp","href":"https:\/\/api.w.org\/{rel}","templated":true}]}}