{"id":199616,"date":"2014-11-15T08:37:01","date_gmt":"2014-11-15T08:37:01","guid":{"rendered":"http:\/\/diariodominicano.ddns.net\/?p=199616"},"modified":"2014-11-15T08:37:01","modified_gmt":"2014-11-15T08:37:01","slug":"atletas-dominicanos-fueron-de-los-mas-aplaudidos-en-veracruz","status":"publish","type":"post","link":"https:\/\/diariodominicano.com\/?p=199616","title":{"rendered":"&#13;Atletas dominicanos fueron  de los m\u00e1s aplaudidos en Veracruz"},"content":{"rendered":"<p><body><\/p>\n<p><img decoding=\"async\" src=\"img3\/verra 2.jpg\" \/><br \/><img decoding=\"async\" src=\"img3\/RD 4.jpg\" \/><br \/><img decoding=\"async\" src=\"img3\/vera 5.jpg\" \/>  <\/p>\n<p>Veraruz, M\u00e9xico DF 15 noviembre.- Ensombrecidos por un c\u00famulo de problemas que los han plagado desde antes del inicio de las competencias, los Juegos Centroamericanos y del Caribe Veracruz 2014 fueron inaugurados el viernes con una vistosa ceremonia.<\/p>\n<\/p>\n<p>Producida por Christopher Laue, quien estuvo a cargo de las ceremonias de los Juegos Ol\u00edmpicos de Londres 2012, la inauguraci\u00f3n de la justa exalt\u00f3 las ra\u00edces prehisp\u00e1nicas del estado.<\/p>\n<\/p>\n<p>Bailes regionales alrededor de una pir\u00e1mide multicolor colocada al centro del estadio Luis \u00abPirata\u00bb Fuente sobresalieron en el acto, con la participaci\u00f3n de m\u00e1s de 2.000 voluntarios.<\/p>\n<\/p>\n<p>La cantante Yuri enton\u00f3 el himno mexicano y el puertorrique\u00f1o Ricky Martin fue el encargado de poner a bailar a los aproximadamente 2.500 atletas de 31 pa\u00edses que estaban presenten en la ceremonia.<\/p>\n<\/p>\n<p>La inauguraci\u00f3n estuvo libre de contratiempos, algo que hasta ahora ha sido at\u00edpico en Veracruz.<\/p>\n<\/p>\n<p>El puerto mexicano, localizado a unos 400 kil\u00f3metros de la capital, consigui\u00f3 la sede en el 2009, y tuvo el tiempo suficiente para organizar de mejor forma la justa.<\/p>\n<\/p>\n<p>Adem\u00e1s de las prisas por terminar las instalaciones, la organizaci\u00f3n fall\u00f3 gravemente al no terminar la villa donde se hospedar\u00edan los atletas, quienes fueron enviados a hoteles del \u00e1rea, algunos de hasta dos estrellas.<\/p>\n<\/p>\n<p>Adem\u00e1s de eso, los Juegos Centroamericanos se han visto afectados por las movilizaciones nacionales que se han desatado en el pa\u00eds por el caso de 43 estudiantes desaparecidos en Ayotnizapa, en el sure\u00f1o estado de Guerrero, a fines de septiembre.<\/p>\n<\/p>\n<p>Durante la semana, un grupo de estudiantes y profesores lanz\u00f3 una cubetada de agua que brevemente apag\u00f3 el fuego de la antorcha centroamericana.<\/p>\n<\/p>\n<p>Se espera que las protestas contin\u00faen durante la justa.<\/p>\n<\/p>\n<p>Esas manifestaciones parecen menores respecto al problema m\u00e1s serio del estado de Veracruz, que es el de la violencia relacionada al crimen organizado.<\/p>\n<\/p>\n<p>En los \u00faltimos a\u00f1os, Veracruz ha sido uno de los estados m\u00e1s afectados por la violencia, aunque las autoridades sostienen que la situaci\u00f3n ha mejorado.<\/p>\n<\/p>\n<p>Seg\u00fan cifras oficiales, hasta octubre pasado, un total de 1.252 homicidios dolosos se han cometido en el estado en los \u00faltimos dos a\u00f1os. En cuanto a secuestro, Veracruz registr\u00f3 122 hasta el \u00faltimo reporte de octubre, cuando en el mismo periodo del a\u00f1o pasado fueron 109.<\/p>\n<h6> 2014-11-15 08:37:01 <\/h6>\n<p><!--\n<link rel=\"stylesheet\" href=\"css\/bootstrap.min.css\">\n\n\n<ul class=\"pagination\">\n\t    \n\t\n\n<li >\n\t<a href='?page_no=16099'>Previous<\/a>\n\t<\/li>\n\n\n       \n    \n\n<li><a href='?page_no=1'>1<\/a><\/li>\n\n\n\n<li><a href='?page_no=2'>2<\/a><\/li>\n\n\n\n<li><a>...<\/a><\/li>\n\n\n\n<li><a href='?page_no=16098'>16098<\/a><\/li>\n\n\n\n<li><a href='?page_no=16099'>16099<\/a><\/li>\n\n\n\n<li class='active'><a>16100<\/a><\/li>\n\n\n\n<li><a href='?page_no=16101'>16101<\/a><\/li>\n\n\n\n<li><a href='?page_no=16102'>16102<\/a><\/li>\n\n\n\n<li><a>...<\/a><\/li>\n\n\n\n<li><a href='?page_no=36618'>36618<\/a><\/li>\n\n\n\n<li><a href='?page_no=36619'>36619<\/a><\/li>\n\n    \n\t\n\n<li >\n\t<a href='?page_no=16101'>Next<\/a>\n\t<\/li>\n\n\n    \n\n<li><a href='?page_no=36619'>Last &rsaquo;&rsaquo;<\/a><\/li>\n\n<\/ul>\n\n\n--><br \/>\n<\/body><\/p>\n","protected":false},"excerpt":{"rendered":"<p>Veraruz, M\u00e9xico DF 15 noviembre.- Ensombrecidos por un c\u00famulo de problemas que los han plagado desde antes del inicio de las competencias, los Juegos Centroamericanos y del Caribe Veracruz 2014 fueron inaugurados el viernes con una vistosa ceremonia. Producida por Christopher Laue, quien estuvo a cargo de las ceremonias de los Juegos Ol\u00edmpicos de Londres [&hellip;]<\/p>\n","protected":false},"author":3,"featured_media":0,"comment_status":"open","ping_status":"open","sticky":false,"template":"","format":"standard","meta":{"footnotes":""},"categories":[17],"tags":[],"class_list":["post-199616","post","type-post","status-publish","format-standard","hentry","category-deportes"],"_links":{"self":[{"href":"https:\/\/diariodominicano.com\/index.php?rest_route=\/wp\/v2\/posts\/199616","targetHints":{"allow":["GET"]}}],"collection":[{"href":"https:\/\/diariodominicano.com\/index.php?rest_route=\/wp\/v2\/posts"}],"about":[{"href":"https:\/\/diariodominicano.com\/index.php?rest_route=\/wp\/v2\/types\/post"}],"author":[{"embeddable":true,"href":"https:\/\/diariodominicano.com\/index.php?rest_route=\/wp\/v2\/users\/3"}],"replies":[{"embeddable":true,"href":"https:\/\/diariodominicano.com\/index.php?rest_route=%2Fwp%2Fv2%2Fcomments&post=199616"}],"version-history":[{"count":0,"href":"https:\/\/diariodominicano.com\/index.php?rest_route=\/wp\/v2\/posts\/199616\/revisions"}],"wp:attachment":[{"href":"https:\/\/diariodominicano.com\/index.php?rest_route=%2Fwp%2Fv2%2Fmedia&parent=199616"}],"wp:term":[{"taxonomy":"category","embeddable":true,"href":"https:\/\/diariodominicano.com\/index.php?rest_route=%2Fwp%2Fv2%2Fcategories&post=199616"},{"taxonomy":"post_tag","embeddable":true,"href":"https:\/\/diariodominicano.com\/index.php?rest_route=%2Fwp%2Fv2%2Ftags&post=199616"}],"curies":[{"name":"wp","href":"https:\/\/api.w.org\/{rel}","templated":true}]}}