{"id":199608,"date":"2014-11-15T12:11:45","date_gmt":"2014-11-15T12:11:45","guid":{"rendered":"http:\/\/diariodominicano.ddns.net\/?p=199608"},"modified":"2014-11-15T12:11:45","modified_gmt":"2014-11-15T12:11:45","slug":"pele-sale-del-hospital-dos-dias-despues-de-operacion-de-calculos-renales","status":"publish","type":"post","link":"https:\/\/diariodominicano.com\/?p=199608","title":{"rendered":"Pel\u00e9 sale del hospital dos d\u00edas despu\u00e9s de operaci\u00f3n de c\u00e1lculos renales"},"content":{"rendered":"<p><body><\/p>\n<p>Sao Paulo, Brasil 15 noviembre.- El exfutbolista brasile\u00f1o Edson Arantes do Nascimento &#8216;Pel\u00e9&#8217; recibi\u00f3 hoy el alta y dej\u00f3 el hospital de Sao Paulo donde el pasado jueves fue operado para extraer unos c\u00e1lculos renales, uretrales y vesicales.<\/p>\n<\/p>\n<p>Pel\u00e9, de 74 a\u00f1os, salud\u00f3 y sonri\u00f3 a los periodistas desde un autom\u00f3vil a su salida del Hospital Israelita Albert Einstein, donde fue internado la noche del mi\u00e9rcoles con dolores.<\/p>\n<\/p>\n<p>El exdelantero, considerado como el mejor jugador brasile\u00f1o de todos los tiempos, ten\u00eda previsto participar el mi\u00e9rcoles en Santos en el lanzamiento de un libro sobre el Museo Pel\u00e9, pero debi\u00f3 de ser hospitalizado al sentirse indispuesto. <\/p>\n<\/p>\n<p>Recomendar este articulo por:<\/p>\n<p>Share on facebook  FacebookShare on twitter  TwitterShare on digg  DiggShare on delicious  DeliciousShare on google_plusone_share  Google+<\/p>\n<h6> 2014-11-15 12:11:45 <\/h6>\n<p><!--\n<link rel=\"stylesheet\" href=\"css\/bootstrap.min.css\">\n\n\n<ul class=\"pagination\">\n\t    \n\t\n\n<li >\n\t<a href='?page_no=16093'>Previous<\/a>\n\t<\/li>\n\n\n       \n    \n\n<li><a href='?page_no=1'>1<\/a><\/li>\n\n\n\n<li><a href='?page_no=2'>2<\/a><\/li>\n\n\n\n<li><a>...<\/a><\/li>\n\n\n\n<li><a href='?page_no=16092'>16092<\/a><\/li>\n\n\n\n<li><a href='?page_no=16093'>16093<\/a><\/li>\n\n\n\n<li class='active'><a>16094<\/a><\/li>\n\n\n\n<li><a href='?page_no=16095'>16095<\/a><\/li>\n\n\n\n<li><a href='?page_no=16096'>16096<\/a><\/li>\n\n\n\n<li><a>...<\/a><\/li>\n\n\n\n<li><a href='?page_no=36618'>36618<\/a><\/li>\n\n\n\n<li><a href='?page_no=36619'>36619<\/a><\/li>\n\n    \n\t\n\n<li >\n\t<a href='?page_no=16095'>Next<\/a>\n\t<\/li>\n\n\n    \n\n<li><a href='?page_no=36619'>Last &rsaquo;&rsaquo;<\/a><\/li>\n\n<\/ul>\n\n\n--><br \/>\n<\/body><\/p>\n","protected":false},"excerpt":{"rendered":"<p>Sao Paulo, Brasil 15 noviembre.- El exfutbolista brasile\u00f1o Edson Arantes do Nascimento &#8216;Pel\u00e9&#8217; recibi\u00f3 hoy el alta y dej\u00f3 el hospital de Sao Paulo donde el pasado jueves fue operado para extraer unos c\u00e1lculos renales, uretrales y vesicales. Pel\u00e9, de 74 a\u00f1os, salud\u00f3 y sonri\u00f3 a los periodistas desde un autom\u00f3vil a su salida del [&hellip;]<\/p>\n","protected":false},"author":3,"featured_media":0,"comment_status":"open","ping_status":"open","sticky":false,"template":"","format":"standard","meta":{"footnotes":""},"categories":[17],"tags":[],"class_list":["post-199608","post","type-post","status-publish","format-standard","hentry","category-deportes"],"_links":{"self":[{"href":"https:\/\/diariodominicano.com\/index.php?rest_route=\/wp\/v2\/posts\/199608","targetHints":{"allow":["GET"]}}],"collection":[{"href":"https:\/\/diariodominicano.com\/index.php?rest_route=\/wp\/v2\/posts"}],"about":[{"href":"https:\/\/diariodominicano.com\/index.php?rest_route=\/wp\/v2\/types\/post"}],"author":[{"embeddable":true,"href":"https:\/\/diariodominicano.com\/index.php?rest_route=\/wp\/v2\/users\/3"}],"replies":[{"embeddable":true,"href":"https:\/\/diariodominicano.com\/index.php?rest_route=%2Fwp%2Fv2%2Fcomments&post=199608"}],"version-history":[{"count":0,"href":"https:\/\/diariodominicano.com\/index.php?rest_route=\/wp\/v2\/posts\/199608\/revisions"}],"wp:attachment":[{"href":"https:\/\/diariodominicano.com\/index.php?rest_route=%2Fwp%2Fv2%2Fmedia&parent=199608"}],"wp:term":[{"taxonomy":"category","embeddable":true,"href":"https:\/\/diariodominicano.com\/index.php?rest_route=%2Fwp%2Fv2%2Fcategories&post=199608"},{"taxonomy":"post_tag","embeddable":true,"href":"https:\/\/diariodominicano.com\/index.php?rest_route=%2Fwp%2Fv2%2Ftags&post=199608"}],"curies":[{"name":"wp","href":"https:\/\/api.w.org\/{rel}","templated":true}]}}