{"id":199591,"date":"2014-11-17T15:50:19","date_gmt":"2014-11-17T15:50:19","guid":{"rendered":"http:\/\/diariodominicano.ddns.net\/?p=199591"},"modified":"2014-11-17T15:50:19","modified_gmt":"2014-11-17T15:50:19","slug":"marcos-diaz-representa-centroamerica-y-el-caribe-en-la-asamblea-anual","status":"publish","type":"post","link":"https:\/\/diariodominicano.com\/?p=199591","title":{"rendered":"Marcos D\u00edaz representa Centroam\u00e9rica y el Caribe en la Asamblea Anual"},"content":{"rendered":"<p><body><\/p>\n<p><img decoding=\"async\" src=\"img3\/marco.jpg\" \/>  <\/p>\n<p><span class=\"text1noticias\">PARIS, FRANCIA, 17 de Noviembre.-El viceministro de Deportes de la Rep\u00fablica Dominicana, el licenciado Marcos D\u00edaz, asumi\u00f3 un asiento en la junta directiva de la asamblea general anual de la agencia mundial Antidopaje celebrada en la ciudad de Par\u00eds, Francia. <\/span><\/p>\n<\/p>\n<p><span class=\"text1noticias\">D\u00edaz asumi\u00f3 dicha plaza en representaci\u00f3n del sector gobierno de los pa\u00edses de Centroam\u00e9rica y en Caribe.  <\/span><\/p>\n<\/p>\n<p><span class=\"text1noticias\">La Junta Directiva de la Agencia Mundial Antidopaje esta compuesta por 18 miembros representantes de gobiernos del sector deporte e igual cantidad de miembros de representantes del movimiento ol\u00edmpico internacional.<\/span><\/p>\n<\/p>\n<p><span class=\"text1noticias\">\u00abEn dicha reuni\u00f3n se presentaron los resultados de las distintas regiones del mundo, a las vez que sus miembros aprobaron el presupuesto y plan estrat\u00e9gico de cara al nuevo c\u00f3digo mundial Antidopaje que entrar\u00e1 en vigencia en el a\u00f1o 2015\u00bb, dijo Marcos D\u00edaz.<\/span><\/p>\n<\/p>\n<p><span class=\"text1noticias\"> Y abund\u00f3: \u00abGarantizar el juego limpio y libre de dopaje es la misi\u00f3n tanto de los gobiernos como del movimiento deportivo y ol\u00edmpico. Es la labor de la agencia mundial antidopaje, a la que sumamos tambi\u00e9n en la Rep\u00fablica Dominicana\u00bb expreso D\u00edaz desde Par\u00eds.<\/span><\/p>\n<\/p>\n<p><span class=\"text1noticias\">Diaz nueva vez se vincula a una posici\u00f3n directiva en los escenarios internacionales \u00abdesde el gobierno trabajamos para posicionar al pa\u00eds de manera protag\u00f3nica en los espacios de toma de decisiones en los organismos internacionales donde el pa\u00eds es signatario a trav\u00e9s del Ministerio de Deporte\u00bb a\u00f1adi\u00f3 el inmortal de la nataci\u00f3n internacional.(HG)<\/span>.<\/p>\n<h6> 2014-11-17 15:50:19 <\/h6>\n<p><!--\n<link rel=\"stylesheet\" href=\"css\/bootstrap.min.css\">\n\n\n<ul class=\"pagination\">\n\t    \n\t\n\n<li >\n\t<a href='?page_no=16078'>Previous<\/a>\n\t<\/li>\n\n\n       \n    \n\n<li><a href='?page_no=1'>1<\/a><\/li>\n\n\n\n<li><a href='?page_no=2'>2<\/a><\/li>\n\n\n\n<li><a>...<\/a><\/li>\n\n\n\n<li><a href='?page_no=16077'>16077<\/a><\/li>\n\n\n\n<li><a href='?page_no=16078'>16078<\/a><\/li>\n\n\n\n<li class='active'><a>16079<\/a><\/li>\n\n\n\n<li><a href='?page_no=16080'>16080<\/a><\/li>\n\n\n\n<li><a href='?page_no=16081'>16081<\/a><\/li>\n\n\n\n<li><a>...<\/a><\/li>\n\n\n\n<li><a href='?page_no=36618'>36618<\/a><\/li>\n\n\n\n<li><a href='?page_no=36619'>36619<\/a><\/li>\n\n    \n\t\n\n<li >\n\t<a href='?page_no=16080'>Next<\/a>\n\t<\/li>\n\n\n    \n\n<li><a href='?page_no=36619'>Last &rsaquo;&rsaquo;<\/a><\/li>\n\n<\/ul>\n\n\n--><br \/>\n<\/body><\/p>\n","protected":false},"excerpt":{"rendered":"<p>PARIS, FRANCIA, 17 de Noviembre.-El viceministro de Deportes de la Rep\u00fablica Dominicana, el licenciado Marcos D\u00edaz, asumi\u00f3 un asiento en la junta directiva de la asamblea general anual de la agencia mundial Antidopaje celebrada en la ciudad de Par\u00eds, Francia. D\u00edaz asumi\u00f3 dicha plaza en representaci\u00f3n del sector gobierno de los pa\u00edses de Centroam\u00e9rica y [&hellip;]<\/p>\n","protected":false},"author":3,"featured_media":0,"comment_status":"open","ping_status":"open","sticky":false,"template":"","format":"standard","meta":{"footnotes":""},"categories":[17],"tags":[],"class_list":["post-199591","post","type-post","status-publish","format-standard","hentry","category-deportes"],"_links":{"self":[{"href":"https:\/\/diariodominicano.com\/index.php?rest_route=\/wp\/v2\/posts\/199591","targetHints":{"allow":["GET"]}}],"collection":[{"href":"https:\/\/diariodominicano.com\/index.php?rest_route=\/wp\/v2\/posts"}],"about":[{"href":"https:\/\/diariodominicano.com\/index.php?rest_route=\/wp\/v2\/types\/post"}],"author":[{"embeddable":true,"href":"https:\/\/diariodominicano.com\/index.php?rest_route=\/wp\/v2\/users\/3"}],"replies":[{"embeddable":true,"href":"https:\/\/diariodominicano.com\/index.php?rest_route=%2Fwp%2Fv2%2Fcomments&post=199591"}],"version-history":[{"count":0,"href":"https:\/\/diariodominicano.com\/index.php?rest_route=\/wp\/v2\/posts\/199591\/revisions"}],"wp:attachment":[{"href":"https:\/\/diariodominicano.com\/index.php?rest_route=%2Fwp%2Fv2%2Fmedia&parent=199591"}],"wp:term":[{"taxonomy":"category","embeddable":true,"href":"https:\/\/diariodominicano.com\/index.php?rest_route=%2Fwp%2Fv2%2Fcategories&post=199591"},{"taxonomy":"post_tag","embeddable":true,"href":"https:\/\/diariodominicano.com\/index.php?rest_route=%2Fwp%2Fv2%2Ftags&post=199591"}],"curies":[{"name":"wp","href":"https:\/\/api.w.org\/{rel}","templated":true}]}}