{"id":199580,"date":"2014-11-18T13:26:51","date_gmt":"2014-11-18T13:26:51","guid":{"rendered":"http:\/\/diariodominicano.ddns.net\/?p=199580"},"modified":"2014-11-18T13:26:51","modified_gmt":"2014-11-18T13:26:51","slug":"nadador-amateur-juan-carlos-morales-pla-recorrera-a-nado-costas-de-sosua-y-puerto-plata","status":"publish","type":"post","link":"https:\/\/diariodominicano.com\/?p=199580","title":{"rendered":"Nadador amateur Juan Carlos Morales Pl\u00e1 recorrer\u00e1 a nado costas de Sos\u00faa y Puerto Plata"},"content":{"rendered":"<p><body><\/p>\n<p><img decoding=\"async\" src=\"img3\/nasda 18.jpg\" \/>  <\/p>\n<p>Puerto Plata RD 18 noviembre.-El nadador aficionado Juan Carlos Morales Pl\u00e1 se prepara para el evento \u00abTraves\u00eda Solidaria\u00bb, un recorrido a nado por las costas de Puerto Plata, que se llevar\u00e1 a cabo el S\u00e1bado 29 de Noviembre, saliendo desde Playa Los Charamicos de Sos\u00faa hasta El Pueblito en Puerto Plata.<\/p>\n<\/p>\n<p>Morales, de 47 a\u00f1os,  es el primer atleta que ha tenido la osad\u00eda de nadar ultradistancia en el Atl\u00e1ntico, aparte de Marcos D\u00edaz, planeando lograr la haza\u00f1a de recorrer entre 13 y 17 kil\u00f3metros, dependiendo condiciones y marea, a nado ininterrumpido, en un tiempo aproximado de cuatro horas.<\/p>\n<\/p>\n<p>Durante una rueda de prensa celebrada este martes, en la Gobernaci\u00f3n local, Morales Pl\u00e1 estuvo acompa\u00f1ado de Neftal\u00ed Lamouth, Director Provincial de Deportes; Ricardo D\u00edaz Cocco, presidente de Puerto Plata Swimming Club; Pablo Echtel, entrenador personal de Juan Carlos y otros  miembros de su equipo, quienes ofrecieron todos los detalles relacionados al evento.<\/p>\n<\/p>\n<p>Para lograr con \u00e9xito su proeza, Juan Carlos cumple con un estricto r\u00e9gimen de preparaci\u00f3n f\u00edsica y mental, bajo el seguimiento de un grupo de profesionales del \u00e1rea que supervisan cada detalle de su formaci\u00f3n como atleta de ultradistancia, entre ellos Sport Lab, quienes trabajaron todos los nados junto al reconocido nadador dominicano Marcos D\u00edaz. As\u00ed mismo la Fundaci\u00f3n Marcos D\u00edaz da su respaldo y apoyo a esta traves\u00eda.<\/p>\n<\/p>\n<p>\u00abEste evento representa una inmensa satisfacci\u00f3n personal, es un mensaje de esperanza, de  vida  y transformaci\u00f3n. Con este reto quiero honrar en cada brazada la memoria de reconocidos j\u00f3venes atletas de la provincia de Puerto Plata que han fallecido, pero que durante el tiempo de su trayectoria deportiva nos hicieron vibrar de emociones, como mi hijo Carlos Eduardo Morales V\u00e1squez. A partir de este desaf\u00edo se comenzar\u00e1 a gestar la Fundaci\u00f3n que llevar\u00e1 su nombre, con el fin de ayudar a promover, incentivar y promocionar el deporte en todos los niveles sociales de la juventud en Rep\u00fablica Dominicana, brindando apoyo econ\u00f3mico para que j\u00f3venes con habilidades y aptitudes puedan desarrollar sus entrenamientos, continuando con sus estudios y plante\u00e1ndose metas a cumplir, porque todo es posible con sacrificio y fe\u00bb, expres\u00f3.<\/p>\n<\/p>\n<p>Juan Carlos Morales Pl\u00e1: Traves\u00eda Solidaria iniciar\u00e1 a la 7:00 de la ma\u00f1ana desde la Playa Los Charamicos de Sos\u00faa; se estima que la llegada sea a las 11:30 am en la Playa El Pueblito de Puerto Plata, donde se celebrar\u00e1 una ceremonia de recibimiento con autoridades locales, prensa local, nacional e internacional, nadadores de todo el pa\u00eds y todo el p\u00fablico que asista.<\/p>\n<\/p>\n<h6> 2014-11-18 13:26:51 <\/h6>\n<p><!--\n<link rel=\"stylesheet\" href=\"css\/bootstrap.min.css\">\n\n\n<ul class=\"pagination\">\n\t    \n\t\n\n<li >\n\t<a href='?page_no=16068'>Previous<\/a>\n\t<\/li>\n\n\n       \n    \n\n<li><a href='?page_no=1'>1<\/a><\/li>\n\n\n\n<li><a href='?page_no=2'>2<\/a><\/li>\n\n\n\n<li><a>...<\/a><\/li>\n\n\n\n<li><a href='?page_no=16067'>16067<\/a><\/li>\n\n\n\n<li><a href='?page_no=16068'>16068<\/a><\/li>\n\n\n\n<li class='active'><a>16069<\/a><\/li>\n\n\n\n<li><a href='?page_no=16070'>16070<\/a><\/li>\n\n\n\n<li><a href='?page_no=16071'>16071<\/a><\/li>\n\n\n\n<li><a>...<\/a><\/li>\n\n\n\n<li><a href='?page_no=36618'>36618<\/a><\/li>\n\n\n\n<li><a href='?page_no=36619'>36619<\/a><\/li>\n\n    \n\t\n\n<li >\n\t<a href='?page_no=16070'>Next<\/a>\n\t<\/li>\n\n\n    \n\n<li><a href='?page_no=36619'>Last &rsaquo;&rsaquo;<\/a><\/li>\n\n<\/ul>\n\n\n--><br \/>\n<\/body><\/p>\n","protected":false},"excerpt":{"rendered":"<p>Puerto Plata RD 18 noviembre.-El nadador aficionado Juan Carlos Morales Pl\u00e1 se prepara para el evento \u00abTraves\u00eda Solidaria\u00bb, un recorrido a nado por las costas de Puerto Plata, que se llevar\u00e1 a cabo el S\u00e1bado 29 de Noviembre, saliendo desde Playa Los Charamicos de Sos\u00faa hasta El Pueblito en Puerto Plata. Morales, de 47 a\u00f1os, [&hellip;]<\/p>\n","protected":false},"author":3,"featured_media":0,"comment_status":"open","ping_status":"open","sticky":false,"template":"","format":"standard","meta":{"footnotes":""},"categories":[17],"tags":[],"class_list":["post-199580","post","type-post","status-publish","format-standard","hentry","category-deportes"],"_links":{"self":[{"href":"https:\/\/diariodominicano.com\/index.php?rest_route=\/wp\/v2\/posts\/199580","targetHints":{"allow":["GET"]}}],"collection":[{"href":"https:\/\/diariodominicano.com\/index.php?rest_route=\/wp\/v2\/posts"}],"about":[{"href":"https:\/\/diariodominicano.com\/index.php?rest_route=\/wp\/v2\/types\/post"}],"author":[{"embeddable":true,"href":"https:\/\/diariodominicano.com\/index.php?rest_route=\/wp\/v2\/users\/3"}],"replies":[{"embeddable":true,"href":"https:\/\/diariodominicano.com\/index.php?rest_route=%2Fwp%2Fv2%2Fcomments&post=199580"}],"version-history":[{"count":0,"href":"https:\/\/diariodominicano.com\/index.php?rest_route=\/wp\/v2\/posts\/199580\/revisions"}],"wp:attachment":[{"href":"https:\/\/diariodominicano.com\/index.php?rest_route=%2Fwp%2Fv2%2Fmedia&parent=199580"}],"wp:term":[{"taxonomy":"category","embeddable":true,"href":"https:\/\/diariodominicano.com\/index.php?rest_route=%2Fwp%2Fv2%2Fcategories&post=199580"},{"taxonomy":"post_tag","embeddable":true,"href":"https:\/\/diariodominicano.com\/index.php?rest_route=%2Fwp%2Fv2%2Ftags&post=199580"}],"curies":[{"name":"wp","href":"https:\/\/api.w.org\/{rel}","templated":true}]}}