{"id":199573,"date":"2014-11-19T09:27:59","date_gmt":"2014-11-19T09:27:59","guid":{"rendered":"http:\/\/diariodominicano.ddns.net\/?p=199573"},"modified":"2014-11-19T09:27:59","modified_gmt":"2014-11-19T09:27:59","slug":"anuncian-la-gran-final-campeonato-de-autos-y-motos","status":"publish","type":"post","link":"https:\/\/diariodominicano.com\/?p=199573","title":{"rendered":"&#13;Anuncian la gran final campeonato de autos y motos"},"content":{"rendered":"<p><body><\/p>\n<p><img decoding=\"async\" src=\"img3\/final 19.jpeg\" \/>  <\/p>\n<p>Santo Domingo RD 19 noviembre.- Los ejecutivos del Aut\u00f3dromo Mobil 1 anunciaron la celebraci\u00f3n de La Gran Final de los campeonatos de autos y motos a celebrarse el domingo 30 de noviembre en las instalaciones del referido parque.<\/p>\n<\/p>\n<p>Las pruebas contar\u00e1n una vez m\u00e1s con la participaci\u00f3n de pilotos de Puerto Rico, Cuba, Hait\u00ed, Estados Unidos y Panam\u00e1, quienes junto a los dominicanos cerrar\u00e1n las acciones de una temporada 2014 altamente exitosa.<\/p>\n<\/p>\n<p>Entre las principales atracciones del evento se encuentra la fuerte lucha por el dominio de la categor\u00eda S\u00faper Bike entre los pilotos Emilio Pe\u00f1a, Persio L\u00f3pez y Waldis Veras, separados por escasos puntos y con posibilidades los tres de alzarse con el campeonato de la m\u00e1xima categor\u00eda del motociclismo nacional.<\/p>\n<\/p>\n<p>En la categor\u00eda Amateur los pilotos Rainiel Toribio y Javier Bueno se encuentran separados por un escaso margen y definir\u00e1n en esta Gran Final el campe\u00f3n de la misma.<\/p>\n<\/p>\n<p>En automovilismo todav\u00eda falta por definir el campeonato de la categor\u00eda Racing Sedan, que lidera Jacky Khawly, de Hait\u00ed, seguido por el binomio de Ricky Perdomo y Michael Dahuajre, quienes mantienen sus esperanzas vivas de poder destronar a Khawly.<\/p>\n<\/p>\n<p>De igual forma en la categor\u00eda Turismo Nacional, Juan Manuel Gonz\u00e1lez ha sabido mantenerse liderando las acciones de esta categor\u00eda, teniendo bien de cerca a Sebasti\u00e1n Paniagua y a Cesar Santana con posibilidades matem\u00e1ticas de obtener el triunfo.<\/p>\n<\/p>\n<p>Adem\u00e1s de la lucha por la diferentes posiciones del campeonato se espera una buena participaci\u00f3n de corredores en la m\u00e1xima categor\u00eda DTS, donde Maximo Sarraf y Chip Heer obtuvieron el campeonato en la pasada fecha y en esta ocasi\u00f3n tendr\u00e1n que volver a medirse a Jos\u00e9 Ricardo, Jorge y Juan Carlos Leroux, as\u00ed como tambi\u00e9n John e Ileana Fern\u00e1ndez, Ruddy P\u00e9rez, Alfredo Najri, Kiko Cabrera, Tony Canahuate, entre otros.<\/p>\n<\/p>\n<p>La Gran Final de Autos y Motos iniciar\u00e1 a las 10:00am con las competencias de motociclismo dando paso luego a las carreras de automovilismo.<\/p>\n<\/p>\n<h6> 2014-11-19 09:27:59 <\/h6>\n<p><!--\n<link rel=\"stylesheet\" href=\"css\/bootstrap.min.css\">\n\n\n<ul class=\"pagination\">\n\t    \n\t\n\n<li >\n\t<a href='?page_no=16061'>Previous<\/a>\n\t<\/li>\n\n\n       \n    \n\n<li><a href='?page_no=1'>1<\/a><\/li>\n\n\n\n<li><a href='?page_no=2'>2<\/a><\/li>\n\n\n\n<li><a>...<\/a><\/li>\n\n\n\n<li><a href='?page_no=16060'>16060<\/a><\/li>\n\n\n\n<li><a href='?page_no=16061'>16061<\/a><\/li>\n\n\n\n<li class='active'><a>16062<\/a><\/li>\n\n\n\n<li><a href='?page_no=16063'>16063<\/a><\/li>\n\n\n\n<li><a href='?page_no=16064'>16064<\/a><\/li>\n\n\n\n<li><a>...<\/a><\/li>\n\n\n\n<li><a href='?page_no=36618'>36618<\/a><\/li>\n\n\n\n<li><a href='?page_no=36619'>36619<\/a><\/li>\n\n    \n\t\n\n<li >\n\t<a href='?page_no=16063'>Next<\/a>\n\t<\/li>\n\n\n    \n\n<li><a href='?page_no=36619'>Last &rsaquo;&rsaquo;<\/a><\/li>\n\n<\/ul>\n\n\n--><br \/>\n<\/body><\/p>\n","protected":false},"excerpt":{"rendered":"<p>Santo Domingo RD 19 noviembre.- Los ejecutivos del Aut\u00f3dromo Mobil 1 anunciaron la celebraci\u00f3n de La Gran Final de los campeonatos de autos y motos a celebrarse el domingo 30 de noviembre en las instalaciones del referido parque. Las pruebas contar\u00e1n una vez m\u00e1s con la participaci\u00f3n de pilotos de Puerto Rico, Cuba, Hait\u00ed, Estados [&hellip;]<\/p>\n","protected":false},"author":3,"featured_media":0,"comment_status":"open","ping_status":"open","sticky":false,"template":"","format":"standard","meta":{"footnotes":""},"categories":[17],"tags":[],"class_list":["post-199573","post","type-post","status-publish","format-standard","hentry","category-deportes"],"_links":{"self":[{"href":"https:\/\/diariodominicano.com\/index.php?rest_route=\/wp\/v2\/posts\/199573","targetHints":{"allow":["GET"]}}],"collection":[{"href":"https:\/\/diariodominicano.com\/index.php?rest_route=\/wp\/v2\/posts"}],"about":[{"href":"https:\/\/diariodominicano.com\/index.php?rest_route=\/wp\/v2\/types\/post"}],"author":[{"embeddable":true,"href":"https:\/\/diariodominicano.com\/index.php?rest_route=\/wp\/v2\/users\/3"}],"replies":[{"embeddable":true,"href":"https:\/\/diariodominicano.com\/index.php?rest_route=%2Fwp%2Fv2%2Fcomments&post=199573"}],"version-history":[{"count":0,"href":"https:\/\/diariodominicano.com\/index.php?rest_route=\/wp\/v2\/posts\/199573\/revisions"}],"wp:attachment":[{"href":"https:\/\/diariodominicano.com\/index.php?rest_route=%2Fwp%2Fv2%2Fmedia&parent=199573"}],"wp:term":[{"taxonomy":"category","embeddable":true,"href":"https:\/\/diariodominicano.com\/index.php?rest_route=%2Fwp%2Fv2%2Fcategories&post=199573"},{"taxonomy":"post_tag","embeddable":true,"href":"https:\/\/diariodominicano.com\/index.php?rest_route=%2Fwp%2Fv2%2Ftags&post=199573"}],"curies":[{"name":"wp","href":"https:\/\/api.w.org\/{rel}","templated":true}]}}