{"id":199564,"date":"2014-11-20T08:44:50","date_gmt":"2014-11-20T08:44:50","guid":{"rendered":"http:\/\/diariodominicano.ddns.net\/?p=199564"},"modified":"2014-11-20T08:44:50","modified_gmt":"2014-11-20T08:44:50","slug":"juan-francisaco-pasa-a-los-medias-rojas-viene-de-la-lista-de-waivers-de-toronto","status":"publish","type":"post","link":"https:\/\/diariodominicano.com\/?p=199564","title":{"rendered":"Juan Francisaco pasa a los Medias Rojas; viene de la lista de waivers de Toronto"},"content":{"rendered":"<p><body><\/p>\n<p><img decoding=\"async\" src=\"img3\/toro 20.jpg\" \/>  <\/p>\n<p>Boston 20 noviembre.- Los Medias Rojas de Boston anunciaron que han reclamado de la lista de waivers de los Azulejos de Toronto al infielder Juan Francisco.<\/p>\n<\/p>\n<p>El dominicano de 27 a\u00f1os de edad disput\u00f3 106 juegos por Toronto en el 2014, en los cuales bate\u00f3 para .220 con 16 dobles, dos triples, 16 jonrones y 43 remolcadas. De sus 63 hits, 34 fueron extra bases.<\/p>\n<\/p>\n<p>Francisco comenz\u00f3 la campa\u00f1a del 2014 con los Cerveceros de Milwaukee, quienes lo dieron de baja el 24 de marzo. Toronto lo firm\u00f3 como agente libre de liga menor el 1ro de abril y el quisqueyano disput\u00f3 12 partidos por Triple-A B\u00fafalo antes de ser agregado al roster del equipo grande el 19 de abril.<\/p>\n<\/p>\n<p>Francisco ha disputado 197 juegos en la tercera base y 87 en la primera.<\/p>\n<\/p>\n<p>En su carrera como ligamayorista, Francisco batea para .236 con 50 dobles, cuatro triples, 48 bambinazos y 152 carreras producidas en 404 compromisos por los Rojos, Bravos, Cerveceros y Azulejos.<\/p>\n<\/p>\n<h6> 2014-11-20 08:44:50 <\/h6>\n<p><!--\n<link rel=\"stylesheet\" href=\"css\/bootstrap.min.css\">\n\n\n<ul class=\"pagination\">\n\t    \n\t\n\n<li >\n\t<a href='?page_no=16053'>Previous<\/a>\n\t<\/li>\n\n\n       \n    \n\n<li><a href='?page_no=1'>1<\/a><\/li>\n\n\n\n<li><a href='?page_no=2'>2<\/a><\/li>\n\n\n\n<li><a>...<\/a><\/li>\n\n\n\n<li><a href='?page_no=16052'>16052<\/a><\/li>\n\n\n\n<li><a href='?page_no=16053'>16053<\/a><\/li>\n\n\n\n<li class='active'><a>16054<\/a><\/li>\n\n\n\n<li><a href='?page_no=16055'>16055<\/a><\/li>\n\n\n\n<li><a href='?page_no=16056'>16056<\/a><\/li>\n\n\n\n<li><a>...<\/a><\/li>\n\n\n\n<li><a href='?page_no=36618'>36618<\/a><\/li>\n\n\n\n<li><a href='?page_no=36619'>36619<\/a><\/li>\n\n    \n\t\n\n<li >\n\t<a href='?page_no=16055'>Next<\/a>\n\t<\/li>\n\n\n    \n\n<li><a href='?page_no=36619'>Last &rsaquo;&rsaquo;<\/a><\/li>\n\n<\/ul>\n\n\n--><br \/>\n<\/body><\/p>\n","protected":false},"excerpt":{"rendered":"<p>Boston 20 noviembre.- Los Medias Rojas de Boston anunciaron que han reclamado de la lista de waivers de los Azulejos de Toronto al infielder Juan Francisco. El dominicano de 27 a\u00f1os de edad disput\u00f3 106 juegos por Toronto en el 2014, en los cuales bate\u00f3 para .220 con 16 dobles, dos triples, 16 jonrones y [&hellip;]<\/p>\n","protected":false},"author":3,"featured_media":0,"comment_status":"open","ping_status":"open","sticky":false,"template":"","format":"standard","meta":{"footnotes":""},"categories":[17],"tags":[],"class_list":["post-199564","post","type-post","status-publish","format-standard","hentry","category-deportes"],"_links":{"self":[{"href":"https:\/\/diariodominicano.com\/index.php?rest_route=\/wp\/v2\/posts\/199564","targetHints":{"allow":["GET"]}}],"collection":[{"href":"https:\/\/diariodominicano.com\/index.php?rest_route=\/wp\/v2\/posts"}],"about":[{"href":"https:\/\/diariodominicano.com\/index.php?rest_route=\/wp\/v2\/types\/post"}],"author":[{"embeddable":true,"href":"https:\/\/diariodominicano.com\/index.php?rest_route=\/wp\/v2\/users\/3"}],"replies":[{"embeddable":true,"href":"https:\/\/diariodominicano.com\/index.php?rest_route=%2Fwp%2Fv2%2Fcomments&post=199564"}],"version-history":[{"count":0,"href":"https:\/\/diariodominicano.com\/index.php?rest_route=\/wp\/v2\/posts\/199564\/revisions"}],"wp:attachment":[{"href":"https:\/\/diariodominicano.com\/index.php?rest_route=%2Fwp%2Fv2%2Fmedia&parent=199564"}],"wp:term":[{"taxonomy":"category","embeddable":true,"href":"https:\/\/diariodominicano.com\/index.php?rest_route=%2Fwp%2Fv2%2Fcategories&post=199564"},{"taxonomy":"post_tag","embeddable":true,"href":"https:\/\/diariodominicano.com\/index.php?rest_route=%2Fwp%2Fv2%2Ftags&post=199564"}],"curies":[{"name":"wp","href":"https:\/\/api.w.org\/{rel}","templated":true}]}}