{"id":199561,"date":"2014-11-20T12:31:54","date_gmt":"2014-11-20T12:31:54","guid":{"rendered":"http:\/\/diariodominicano.ddns.net\/?p=199561"},"modified":"2014-11-20T12:31:54","modified_gmt":"2014-11-20T12:31:54","slug":"rd-sera-sede-del-congreso-del-caribe-2014-de-la-pony-beisbol","status":"publish","type":"post","link":"https:\/\/diariodominicano.com\/?p=199561","title":{"rendered":"RD ser\u00e1 sede del \u00abCongreso del Caribe 2014\u00bb de la Pony B\u00e9isbol"},"content":{"rendered":"<p><body><\/p>\n<p>San Crist\u00f3baL, RD 20 noviembre.- La Rep\u00fablica Dominicana ser\u00e1 sede del \u00abCongreso del Caribe 2014&#8243;de la Pony B\u00e9isbol, al que asistir\u00e1n los presidentes de esa instituci\u00f3n en toda la regi\u00f3n, a celebrarse del 20 al 23 de noviembre del presente a\u00f1o, en la ciudad de San Crist\u00f3bal.<\/p>\n<\/p>\n<p>La informaci\u00f3n la ofreci\u00f3 mediante una rueda de prensa, Eugenio B\u00e1ez, presidente de la Pony B\u00e9isbol, en el pa\u00eds, quien dijo que en la actividad estar\u00e1 presente, Mr. Abrah\u00e1n Key, presidente mundial de la Pony League Baseball.<\/p>\n<\/p>\n<p>La actividad estar\u00e1 patrocinada por el Ministerio de Turismo de la Rep\u00fablica Dominicana, que dirige el licenciado Francisco Javier Garc\u00eca.<\/p>\n<\/p>\n<p>B\u00e1ez, explic\u00f3 que a este encuentro asistir\u00e1n los representantes de Venezuela, Colombia, Puerto Rico, Panam\u00e1, Sant Martin, Sant Tomas, Bahamas, Curazao, Aruba, Guatemala, Nicaragua y Rep\u00fablica Dominicana.<\/p>\n<p>El presidente de la Pony local, resalt\u00f3 la importancia del \u00abCaribbean Zone, Annual Meeting\u00bb y su celebraci\u00f3n en esta tierra, la segunda naci\u00f3n m\u00e1s productora de peloteros a nivel mundial y hasta ahora los n\u00famero uno del mundo.<\/p>\n<\/p>\n<p>La rueda de prensa fue realizada en la oficina que aloja la sede central de la Pony B\u00e9isbol en el pa\u00eds, ubicada en San Crist\u00f3bal.<\/p>\n<\/p>\n<p>En la apertura del evento a realizarse este s\u00e1bado a las 8:00am, participar\u00e1n adem\u00e1s, el gobernador Julio C\u00e9sar D\u00edaz, el senador Tommy Gal\u00e1n, entre otros.<\/p>\n<h6> 2014-11-20 12:31:54 <\/h6>\n<p><!--\n<link rel=\"stylesheet\" href=\"css\/bootstrap.min.css\">\n\n\n<ul class=\"pagination\">\n\t    \n\t\n\n<li >\n\t<a href='?page_no=16050'>Previous<\/a>\n\t<\/li>\n\n\n       \n    \n\n<li><a href='?page_no=1'>1<\/a><\/li>\n\n\n\n<li><a href='?page_no=2'>2<\/a><\/li>\n\n\n\n<li><a>...<\/a><\/li>\n\n\n\n<li><a href='?page_no=16049'>16049<\/a><\/li>\n\n\n\n<li><a href='?page_no=16050'>16050<\/a><\/li>\n\n\n\n<li class='active'><a>16051<\/a><\/li>\n\n\n\n<li><a href='?page_no=16052'>16052<\/a><\/li>\n\n\n\n<li><a href='?page_no=16053'>16053<\/a><\/li>\n\n\n\n<li><a>...<\/a><\/li>\n\n\n\n<li><a href='?page_no=36618'>36618<\/a><\/li>\n\n\n\n<li><a href='?page_no=36619'>36619<\/a><\/li>\n\n    \n\t\n\n<li >\n\t<a href='?page_no=16052'>Next<\/a>\n\t<\/li>\n\n\n    \n\n<li><a href='?page_no=36619'>Last &rsaquo;&rsaquo;<\/a><\/li>\n\n<\/ul>\n\n\n--><br \/>\n<\/body><\/p>\n","protected":false},"excerpt":{"rendered":"<p>San Crist\u00f3baL, RD 20 noviembre.- La Rep\u00fablica Dominicana ser\u00e1 sede del \u00abCongreso del Caribe 2014&#8243;de la Pony B\u00e9isbol, al que asistir\u00e1n los presidentes de esa instituci\u00f3n en toda la regi\u00f3n, a celebrarse del 20 al 23 de noviembre del presente a\u00f1o, en la ciudad de San Crist\u00f3bal. La informaci\u00f3n la ofreci\u00f3 mediante una rueda de [&hellip;]<\/p>\n","protected":false},"author":3,"featured_media":0,"comment_status":"open","ping_status":"open","sticky":false,"template":"","format":"standard","meta":{"footnotes":""},"categories":[17],"tags":[],"class_list":["post-199561","post","type-post","status-publish","format-standard","hentry","category-deportes"],"_links":{"self":[{"href":"https:\/\/diariodominicano.com\/index.php?rest_route=\/wp\/v2\/posts\/199561","targetHints":{"allow":["GET"]}}],"collection":[{"href":"https:\/\/diariodominicano.com\/index.php?rest_route=\/wp\/v2\/posts"}],"about":[{"href":"https:\/\/diariodominicano.com\/index.php?rest_route=\/wp\/v2\/types\/post"}],"author":[{"embeddable":true,"href":"https:\/\/diariodominicano.com\/index.php?rest_route=\/wp\/v2\/users\/3"}],"replies":[{"embeddable":true,"href":"https:\/\/diariodominicano.com\/index.php?rest_route=%2Fwp%2Fv2%2Fcomments&post=199561"}],"version-history":[{"count":0,"href":"https:\/\/diariodominicano.com\/index.php?rest_route=\/wp\/v2\/posts\/199561\/revisions"}],"wp:attachment":[{"href":"https:\/\/diariodominicano.com\/index.php?rest_route=%2Fwp%2Fv2%2Fmedia&parent=199561"}],"wp:term":[{"taxonomy":"category","embeddable":true,"href":"https:\/\/diariodominicano.com\/index.php?rest_route=%2Fwp%2Fv2%2Fcategories&post=199561"},{"taxonomy":"post_tag","embeddable":true,"href":"https:\/\/diariodominicano.com\/index.php?rest_route=%2Fwp%2Fv2%2Ftags&post=199561"}],"curies":[{"name":"wp","href":"https:\/\/api.w.org\/{rel}","templated":true}]}}