{"id":199522,"date":"2014-11-24T15:42:06","date_gmt":"2014-11-24T15:42:06","guid":{"rendered":"http:\/\/diariodominicano.ddns.net\/?p=199522"},"modified":"2014-11-24T15:42:06","modified_gmt":"2014-11-24T15:42:06","slug":"comandante-general-de-la-fard-dona-utiles-deportivos-en-san-jose-de-mendoza","status":"publish","type":"post","link":"https:\/\/diariodominicano.com\/?p=199522","title":{"rendered":"Comandante General de la FARD dona \u00fatiles deportivos en San Jos\u00e9 de Mendoza&#13;"},"content":{"rendered":"<p><body><\/p>\n<p><img decoding=\"async\" src=\"img3\/bola.jpg\" \/><br \/><img decoding=\"async\" src=\"img3\/utiles.jpg\" \/><br \/><img decoding=\"async\" src=\"img3\/peloteros.jpg\" \/>  <\/p>\n<p><span class=\"text1noticias\">Santo Domingo, RD, 24 de Noviembre.-Los j\u00f3venes que integran el Club Deportivo Cultural San Jos\u00e9 de Mendoza fueron beneficiados con la entrega de \u00fatiles deportivos por parte del Comandante General de la Fuerza A\u00e9rea de Rep\u00fablica Dominicana, Mayor General Piloto Elvis M. Feliz P\u00e9rez (DEM), continuando as\u00ed su apoyo a esta comunidad. <\/span><\/p>\n<\/p>\n<p><span class=\"text1noticias\">La entrega fue realizada en el marco de un encuentro comunitario en el sector, organizada por el Consejo de Desarrollo Comunitario, y en el cual estuvieron como invitados especiales El jefe de la Polic\u00eda, Mayor General Manuel Castro Castillo y el Mayor General Piloto Feliz P\u00e9rez. <\/span><\/p>\n<\/p>\n<p><span class=\"text1noticias\">Al encuentro asistieron, adem\u00e1s, el Contralmirante F\u00e9lix E. Cede\u00f1o Guerrero, ARD, Comandante del Comando Naval Central; el General de Brigada, H\u00e9ctor Garc\u00eda Cuevas, P.N., director regional de Santo Domingo Oriental; el ex Grandes Ligas, Manuel (Manny ) Mota; Rodolfo Valera, Alcalde del Distrito Municipal de San Luis y Miguel Robles, vocero del Consejo de Desarrollo Comunitario, entre otros.   <\/span><\/p>\n<\/p>\n<p><span class=\"text1noticias\">Tras hacer la donaci\u00f3n, el Comandante de la FARD dijo que con los art\u00edculos deportivos se busca contribuir con el sano esparcimiento de los j\u00f3venes de la comunidad y, la vez, darles la oportunidad de que puedan ser ejemplo tanto en su sector como para el pa\u00eds. <\/span><\/p>\n<\/p>\n<p><span class=\"text1noticias\">De igual modo, manifest\u00f3 que, adem\u00e1s de al deporte, continuar\u00e1n aportando a la seguridad de los lugare\u00f1os.<\/span><\/p>\n<p><span class=\"text1noticias\"> <\/span><\/p>\n<p><span class=\"text1noticias\">De su lado, Jos\u00e9 M. Del Rosario, dirigente de la comunidad de San Jos\u00e9 de Mendoza, agradeci\u00f3 en nombre de los lugare\u00f1os la visita de los altos oficiales de los cuerpos castrenses y del Jefe de la Polic\u00eda Nacional. Al mismo tiempo, valor\u00f3 el acercamiento que ha venido realizando la FARD, en dicha demarcaci\u00f3n. <\/span><\/p>\n<\/p>\n<p><strong><span class=\"text1noticias\">La labor de la Polic\u00eda Nacional<\/span><\/strong><\/p>\n<\/p>\n<p><span class=\"text1noticias\">Durante el encuentro comunitario, la Jefatura de la Polic\u00eda Nacional desarroll\u00f3 un operativo m\u00e9dico y suministr\u00f3 raciones alimenticias. Esto posibilit\u00f3 que decenas de personas de distintas edades fueran consultadas por m\u00e9dicos especialistas. Tambi\u00e9n fueron realizadas diferentes actividades deportivas.<\/span><\/p>\n<\/p>\n<p><span class=\"text1noticias\">El toque musical del encuentro lo puso la banda de m\u00fasica de la Polic\u00eda Nacional, la cual deleit\u00f3 a los presentes con un amplio repertorio de canciones navide\u00f1as.  <\/span><\/p>\n<\/p>\n<p><span class=\"text1noticias\">Al final del acto representantes del Consejo de Desarrollo Comunitario entregaron placas de reconocimientos a los mayores generales Feliz P\u00e9rez y Castro Castillo.(HG)<\/span>. <\/p>\n<\/p>\n<h6> 2014-11-24 15:42:06 <\/h6>\n<p><!--\n<link rel=\"stylesheet\" href=\"css\/bootstrap.min.css\">\n\n\n<ul class=\"pagination\">\n\t    \n\t\n\n<li >\n\t<a href='?page_no=16015'>Previous<\/a>\n\t<\/li>\n\n\n       \n    \n\n<li><a href='?page_no=1'>1<\/a><\/li>\n\n\n\n<li><a href='?page_no=2'>2<\/a><\/li>\n\n\n\n<li><a>...<\/a><\/li>\n\n\n\n<li><a href='?page_no=16014'>16014<\/a><\/li>\n\n\n\n<li><a href='?page_no=16015'>16015<\/a><\/li>\n\n\n\n<li class='active'><a>16016<\/a><\/li>\n\n\n\n<li><a href='?page_no=16017'>16017<\/a><\/li>\n\n\n\n<li><a href='?page_no=16018'>16018<\/a><\/li>\n\n\n\n<li><a>...<\/a><\/li>\n\n\n\n<li><a href='?page_no=36618'>36618<\/a><\/li>\n\n\n\n<li><a href='?page_no=36619'>36619<\/a><\/li>\n\n    \n\t\n\n<li >\n\t<a href='?page_no=16017'>Next<\/a>\n\t<\/li>\n\n\n    \n\n<li><a href='?page_no=36619'>Last &rsaquo;&rsaquo;<\/a><\/li>\n\n<\/ul>\n\n\n--><br \/>\n<\/body><\/p>\n","protected":false},"excerpt":{"rendered":"<p>Santo Domingo, RD, 24 de Noviembre.-Los j\u00f3venes que integran el Club Deportivo Cultural San Jos\u00e9 de Mendoza fueron beneficiados con la entrega de \u00fatiles deportivos por parte del Comandante General de la Fuerza A\u00e9rea de Rep\u00fablica Dominicana, Mayor General Piloto Elvis M. Feliz P\u00e9rez (DEM), continuando as\u00ed su apoyo a esta comunidad. La entrega fue [&hellip;]<\/p>\n","protected":false},"author":3,"featured_media":0,"comment_status":"open","ping_status":"open","sticky":false,"template":"","format":"standard","meta":{"footnotes":""},"categories":[17],"tags":[],"class_list":["post-199522","post","type-post","status-publish","format-standard","hentry","category-deportes"],"_links":{"self":[{"href":"https:\/\/diariodominicano.com\/index.php?rest_route=\/wp\/v2\/posts\/199522","targetHints":{"allow":["GET"]}}],"collection":[{"href":"https:\/\/diariodominicano.com\/index.php?rest_route=\/wp\/v2\/posts"}],"about":[{"href":"https:\/\/diariodominicano.com\/index.php?rest_route=\/wp\/v2\/types\/post"}],"author":[{"embeddable":true,"href":"https:\/\/diariodominicano.com\/index.php?rest_route=\/wp\/v2\/users\/3"}],"replies":[{"embeddable":true,"href":"https:\/\/diariodominicano.com\/index.php?rest_route=%2Fwp%2Fv2%2Fcomments&post=199522"}],"version-history":[{"count":0,"href":"https:\/\/diariodominicano.com\/index.php?rest_route=\/wp\/v2\/posts\/199522\/revisions"}],"wp:attachment":[{"href":"https:\/\/diariodominicano.com\/index.php?rest_route=%2Fwp%2Fv2%2Fmedia&parent=199522"}],"wp:term":[{"taxonomy":"category","embeddable":true,"href":"https:\/\/diariodominicano.com\/index.php?rest_route=%2Fwp%2Fv2%2Fcategories&post=199522"},{"taxonomy":"post_tag","embeddable":true,"href":"https:\/\/diariodominicano.com\/index.php?rest_route=%2Fwp%2Fv2%2Ftags&post=199522"}],"curies":[{"name":"wp","href":"https:\/\/api.w.org\/{rel}","templated":true}]}}