{"id":199513,"date":"2014-11-25T13:47:51","date_gmt":"2014-11-25T13:47:51","guid":{"rendered":"http:\/\/diariodominicano.ddns.net\/?p=199513"},"modified":"2014-11-25T13:47:51","modified_gmt":"2014-11-25T13:47:51","slug":"rey-pele-vuelve-a-ser-hospitalizado-en-sao-paulo","status":"publish","type":"post","link":"https:\/\/diariodominicano.com\/?p=199513","title":{"rendered":"Rey Pel\u00e9 vuelve a ser hospitalizado en Sao Paulo"},"content":{"rendered":"<p><body><\/p>\n<p><img decoding=\"async\" src=\"img3\/pele 25.jpg\" \/>  <\/p>\n<p>Sao Paulo, Brasil 25 noviembre.- La leyenda del f\u00fatbol de Brasil, Pel\u00e9, fue nuevamente internado este lunes en un hospital de Sao Paulo, unos d\u00edas despu\u00e9s de que fuera operado de c\u00e1lculos renales.<\/p>\n<\/p>\n<p>Seg\u00fan medios locales, al exfutbolista se le detect\u00f3 una infecci\u00f3n urinaria cuando era evaluado por su previa cirug\u00eda.<\/p>\n<\/p>\n<p>Un portavoz del Hospital Israelita Albert Einstein admiti\u00f3 que Pel\u00e9 estaba ingresado, pero no dio detalles de su condici\u00f3n.<\/p>\n<p>Edson Arantes do Nascimento, de 74 a\u00f1os, fue operado en el mismo centro m\u00e9dico el pasado 12 de noviembre, aunque originalmente se dijo que ten\u00eda dolores estomacales. Esa hospitalizaci\u00f3n le impidi\u00f3 presentar un libro en el museo que lleva su nombre.<\/p>\n<h6> 2014-11-25 13:47:51 <\/h6>\n<p><!--\n<link rel=\"stylesheet\" href=\"css\/bootstrap.min.css\">\n\n\n<ul class=\"pagination\">\n\t    \n\t\n\n<li >\n\t<a href='?page_no=16007'>Previous<\/a>\n\t<\/li>\n\n\n       \n    \n\n<li><a href='?page_no=1'>1<\/a><\/li>\n\n\n\n<li><a href='?page_no=2'>2<\/a><\/li>\n\n\n\n<li><a>...<\/a><\/li>\n\n\n\n<li><a href='?page_no=16006'>16006<\/a><\/li>\n\n\n\n<li><a href='?page_no=16007'>16007<\/a><\/li>\n\n\n\n<li class='active'><a>16008<\/a><\/li>\n\n\n\n<li><a href='?page_no=16009'>16009<\/a><\/li>\n\n\n\n<li><a href='?page_no=16010'>16010<\/a><\/li>\n\n\n\n<li><a>...<\/a><\/li>\n\n\n\n<li><a href='?page_no=36618'>36618<\/a><\/li>\n\n\n\n<li><a href='?page_no=36619'>36619<\/a><\/li>\n\n    \n\t\n\n<li >\n\t<a href='?page_no=16009'>Next<\/a>\n\t<\/li>\n\n\n    \n\n<li><a href='?page_no=36619'>Last &rsaquo;&rsaquo;<\/a><\/li>\n\n<\/ul>\n\n\n--><br \/>\n<\/body><\/p>\n","protected":false},"excerpt":{"rendered":"<p>Sao Paulo, Brasil 25 noviembre.- La leyenda del f\u00fatbol de Brasil, Pel\u00e9, fue nuevamente internado este lunes en un hospital de Sao Paulo, unos d\u00edas despu\u00e9s de que fuera operado de c\u00e1lculos renales. Seg\u00fan medios locales, al exfutbolista se le detect\u00f3 una infecci\u00f3n urinaria cuando era evaluado por su previa cirug\u00eda. Un portavoz del Hospital [&hellip;]<\/p>\n","protected":false},"author":3,"featured_media":0,"comment_status":"open","ping_status":"open","sticky":false,"template":"","format":"standard","meta":{"footnotes":""},"categories":[17],"tags":[],"class_list":["post-199513","post","type-post","status-publish","format-standard","hentry","category-deportes"],"_links":{"self":[{"href":"https:\/\/diariodominicano.com\/index.php?rest_route=\/wp\/v2\/posts\/199513","targetHints":{"allow":["GET"]}}],"collection":[{"href":"https:\/\/diariodominicano.com\/index.php?rest_route=\/wp\/v2\/posts"}],"about":[{"href":"https:\/\/diariodominicano.com\/index.php?rest_route=\/wp\/v2\/types\/post"}],"author":[{"embeddable":true,"href":"https:\/\/diariodominicano.com\/index.php?rest_route=\/wp\/v2\/users\/3"}],"replies":[{"embeddable":true,"href":"https:\/\/diariodominicano.com\/index.php?rest_route=%2Fwp%2Fv2%2Fcomments&post=199513"}],"version-history":[{"count":0,"href":"https:\/\/diariodominicano.com\/index.php?rest_route=\/wp\/v2\/posts\/199513\/revisions"}],"wp:attachment":[{"href":"https:\/\/diariodominicano.com\/index.php?rest_route=%2Fwp%2Fv2%2Fmedia&parent=199513"}],"wp:term":[{"taxonomy":"category","embeddable":true,"href":"https:\/\/diariodominicano.com\/index.php?rest_route=%2Fwp%2Fv2%2Fcategories&post=199513"},{"taxonomy":"post_tag","embeddable":true,"href":"https:\/\/diariodominicano.com\/index.php?rest_route=%2Fwp%2Fv2%2Ftags&post=199513"}],"curies":[{"name":"wp","href":"https:\/\/api.w.org\/{rel}","templated":true}]}}