{"id":199509,"date":"2014-11-25T19:27:40","date_gmt":"2014-11-25T19:27:40","guid":{"rendered":"http:\/\/diariodominicano.ddns.net\/?p=199509"},"modified":"2014-11-25T19:27:40","modified_gmt":"2014-11-25T19:27:40","slug":"chicho-sibilio-dice-que-no-existen-escuelas-de-baloncesto-como-antes","status":"publish","type":"post","link":"https:\/\/diariodominicano.com\/?p=199509","title":{"rendered":"Chicho Sibilio dice que no existen escuelas de baloncesto como antes&#13;"},"content":{"rendered":"<p><body><\/p>\n<p><img decoding=\"async\" src=\"img3\/Chicho.jpg\" \/>  <\/p>\n<p><span class=\"text1noticias\">Santo Domingo, RD, 25 de noviembre.-El inmortal del deporte y leyenda mundial del baloncesto, Antonio-Chicho-Sibilio, quien pase\u00f3 su talento por Europa a finales de los a\u00f1os 70, narr\u00f3 su pasi\u00f3n por esa disciplina, tras ser entrevistado en el programa \u00abContacto Deportivo\u00bb.<\/span><\/p>\n<\/p>\n<p><span class=\"text1noticias\">Sibilio rememor\u00f3 los tiempos en el FC Barcelona, donde se convirti\u00f3 en una celebridad a todo lo largo y ancho de Espa\u00f1a.<\/span><\/p>\n<\/p>\n<p><span class=\"text1noticias\">Al hablar de las diferentes \u00e9pocas del baloncesto, precis\u00f3 que en sus tiempos se jugaba m\u00e1s en equipo y que hab\u00edan escuelas, indicando que ahora en los nuevos tiempos los jugadores se enfocan m\u00e1s en el juego individual.<\/span><\/p>\n<\/p>\n<p><span class=\"text1noticias\">\u00abEn los a\u00f1os 70 hab\u00edan escuelas, ya no las hay y por eso surgieron tantos jugadores de mi categor\u00eda\u00bb, exclam\u00f3 Chicho, quien firm\u00f3 un contrato en 1978 y se convirti\u00f3 en uno de los atletas mejor pagados del mundo.<\/span><\/p>\n<\/p>\n<p><span class=\"text1noticias\">Tras ser entrevistado por Tito Alc\u00e1ntara, Luis V\u00edlchez Marranzini, L\u00e1zaro Garc\u00eda, Zoilo Payano y F\u00e9lix Melo, Sibilio lament\u00f3 no haber podido jugar en el recordado Centrobasket 77 en Panam\u00e1 y dijo que ten\u00eda deseos de jugar pero que al optar por la doble nacionalidad le recomendaron no salir a la cancha para cuidar su futuro.<\/span><\/p>\n<\/p>\n<p><span class=\"text1noticias\">\u00abAlgo que no se ha dicho es lo de Centrobasket 77&#8243;, yo s\u00ed viaj\u00e9 a Panam\u00e1, pero mi doble nacionalidad me impidi\u00f3 jugar\u00bb, relat\u00f3.<\/span><\/p>\n<\/p>\n<p><span class=\"text1noticias\">Asegura que hace varios a\u00f1os inici\u00f3 un programa con j\u00f3venes en las categor\u00edas menores, pero que fue bloqueado por varios clubes y algunos de los dirigentes del baloncesto local.(HG)<\/span>.<\/p>\n<h6> 2014-11-25 19:27:40 <\/h6>\n<p><!--\n<link rel=\"stylesheet\" href=\"css\/bootstrap.min.css\">\n\n\n<ul class=\"pagination\">\n\t    \n\t\n\n<li >\n\t<a href='?page_no=16003'>Previous<\/a>\n\t<\/li>\n\n\n       \n    \n\n<li><a href='?page_no=1'>1<\/a><\/li>\n\n\n\n<li><a href='?page_no=2'>2<\/a><\/li>\n\n\n\n<li><a>...<\/a><\/li>\n\n\n\n<li><a href='?page_no=16002'>16002<\/a><\/li>\n\n\n\n<li><a href='?page_no=16003'>16003<\/a><\/li>\n\n\n\n<li class='active'><a>16004<\/a><\/li>\n\n\n\n<li><a href='?page_no=16005'>16005<\/a><\/li>\n\n\n\n<li><a href='?page_no=16006'>16006<\/a><\/li>\n\n\n\n<li><a>...<\/a><\/li>\n\n\n\n<li><a href='?page_no=36618'>36618<\/a><\/li>\n\n\n\n<li><a href='?page_no=36619'>36619<\/a><\/li>\n\n    \n\t\n\n<li >\n\t<a href='?page_no=16005'>Next<\/a>\n\t<\/li>\n\n\n    \n\n<li><a href='?page_no=36619'>Last &rsaquo;&rsaquo;<\/a><\/li>\n\n<\/ul>\n\n\n--><br \/>\n<\/body><\/p>\n","protected":false},"excerpt":{"rendered":"<p>Santo Domingo, RD, 25 de noviembre.-El inmortal del deporte y leyenda mundial del baloncesto, Antonio-Chicho-Sibilio, quien pase\u00f3 su talento por Europa a finales de los a\u00f1os 70, narr\u00f3 su pasi\u00f3n por esa disciplina, tras ser entrevistado en el programa \u00abContacto Deportivo\u00bb. Sibilio rememor\u00f3 los tiempos en el FC Barcelona, donde se convirti\u00f3 en una celebridad [&hellip;]<\/p>\n","protected":false},"author":3,"featured_media":0,"comment_status":"open","ping_status":"open","sticky":false,"template":"","format":"standard","meta":{"footnotes":""},"categories":[17],"tags":[],"class_list":["post-199509","post","type-post","status-publish","format-standard","hentry","category-deportes"],"_links":{"self":[{"href":"https:\/\/diariodominicano.com\/index.php?rest_route=\/wp\/v2\/posts\/199509","targetHints":{"allow":["GET"]}}],"collection":[{"href":"https:\/\/diariodominicano.com\/index.php?rest_route=\/wp\/v2\/posts"}],"about":[{"href":"https:\/\/diariodominicano.com\/index.php?rest_route=\/wp\/v2\/types\/post"}],"author":[{"embeddable":true,"href":"https:\/\/diariodominicano.com\/index.php?rest_route=\/wp\/v2\/users\/3"}],"replies":[{"embeddable":true,"href":"https:\/\/diariodominicano.com\/index.php?rest_route=%2Fwp%2Fv2%2Fcomments&post=199509"}],"version-history":[{"count":0,"href":"https:\/\/diariodominicano.com\/index.php?rest_route=\/wp\/v2\/posts\/199509\/revisions"}],"wp:attachment":[{"href":"https:\/\/diariodominicano.com\/index.php?rest_route=%2Fwp%2Fv2%2Fmedia&parent=199509"}],"wp:term":[{"taxonomy":"category","embeddable":true,"href":"https:\/\/diariodominicano.com\/index.php?rest_route=%2Fwp%2Fv2%2Fcategories&post=199509"},{"taxonomy":"post_tag","embeddable":true,"href":"https:\/\/diariodominicano.com\/index.php?rest_route=%2Fwp%2Fv2%2Ftags&post=199509"}],"curies":[{"name":"wp","href":"https:\/\/api.w.org\/{rel}","templated":true}]}}