{"id":199493,"date":"2014-11-27T18:32:19","date_gmt":"2014-11-27T18:32:19","guid":{"rendered":"http:\/\/diariodominicano.ddns.net\/?p=199493"},"modified":"2014-11-27T18:32:19","modified_gmt":"2014-11-27T18:32:19","slug":"luna-recibe-premio-hanns-hieronimus-entrega-udesa","status":"publish","type":"post","link":"https:\/\/diariodominicano.com\/?p=199493","title":{"rendered":"Luna recibe Premio Hanns Hieronimus entrega UDESA"},"content":{"rendered":"<p><body><\/p>\n<p><img decoding=\"async\" src=\"img3\/luna.jpg\" \/>  <\/p>\n<p><span class=\"text1noticias\">SANTIAGO, RD, 27 de Noviembre.-La Uni\u00f3n Deportiva de Santiago (UDESA), entreg\u00f3 el premio Hanns Hieronimus al decano de la comunicaci\u00f3n, don Ram\u00f3n de Luna, por sus m\u00e9ritos en el \u00e1mbito deportivo y personal.<\/span><\/p>\n<\/p>\n<p><span class=\"text1noticias\">         Entre otras cosas, el presidente de la UDESA, profesor H\u00e9ctor de Padua, al dirigirse a los presentes manifest\u00f3 que la entrega de ese premio a De Luna, enaltece la distinci\u00f3n por el historial de profesionalidad del galardonado.<\/span><\/p>\n<\/p>\n<p><span class=\"text1noticias\">         Asimismo, llam\u00f3 al Estado y a todas las instituciones dominicanas sin importar la \u00edndole a invertir en el deporte, pues lo invertido se reinvierte  en demas\u00eda en favor de la juventud, adem\u00e1s habl\u00f3 sobre otras cosas.<\/span><\/p>\n<\/p>\n<p><span class=\"text1noticias\">         Mientras que el presidente advitam de la UDESA, Guillermo Saleta, habl\u00f3 sobre la historia del premio Hanns Hieronimus, exaltando, entre otras cosas la distinci\u00f3n entregada a De Luna.<\/span><\/p>\n<\/p>\n<p><span class=\"text1noticias\">         Mientras que el locutor Frank Rodr\u00edguez, dijo la semblanza del homenajeado y el padre C\u00e9sar Hilario expres\u00f3 un mensaje religioso, al tiempo que el ejecutivo de la UDESA, V\u00edctor Garc\u00eda Sued, tuvo a su cargo las palabras de bienvenida.<\/span><\/p>\n<\/p>\n<p><span class=\"text1noticias\">         De su lado, en las palabras de agradecimiento, De Luna se mostr\u00f3 feliz con el recibimiento del galard\u00f3n, que honra a tan distinguido personaje, Hanns Hieronimus, del cual habl\u00f3, igual de la familia del mismo.<\/span><\/p>\n<\/p>\n<p><span class=\"text1noticias\">         Aprovech\u00f3 la ocasi\u00f3n para llamar a la UDESA y a la ACDS a que a\u00fanen esfuerzos para que retomen iniciativas y retornen el Sal\u00f3n de la Fama del Deporte de Santiago, asimismo, hizo un llamado para que vuelvan a congeniar pues son de la misma familia, entre otras cosas.<\/span><\/p>\n<\/p>\n<p><span class=\"text1noticias\">         Diferentes personalidades, encabezadas por el profesor H\u00e9ctor de Padua, do\u00f1a Julia Lora Hieronimus, entre otros, hicieron entrega del galard\u00f3n a De Luna, en el acto efectuado este jueves en el Sal\u00f3n Magu\u00e1, del Gran Almirante, hotel &amp; casino, donde la cantante Nubia Su\u00e1rez.(HG)<\/span>.<\/p>\n<\/p>\n<h6> 2014-11-27 18:32:19 <\/h6>\n<p><!--\n<link rel=\"stylesheet\" href=\"css\/bootstrap.min.css\">\n\n\n<ul class=\"pagination\">\n\t    \n\t\n\n<li >\n\t<a href='?page_no=15990'>Previous<\/a>\n\t<\/li>\n\n\n       \n    \n\n<li><a href='?page_no=1'>1<\/a><\/li>\n\n\n\n<li><a href='?page_no=2'>2<\/a><\/li>\n\n\n\n<li><a>...<\/a><\/li>\n\n\n\n<li><a href='?page_no=15989'>15989<\/a><\/li>\n\n\n\n<li><a href='?page_no=15990'>15990<\/a><\/li>\n\n\n\n<li class='active'><a>15991<\/a><\/li>\n\n\n\n<li><a href='?page_no=15992'>15992<\/a><\/li>\n\n\n\n<li><a href='?page_no=15993'>15993<\/a><\/li>\n\n\n\n<li><a>...<\/a><\/li>\n\n\n\n<li><a href='?page_no=36618'>36618<\/a><\/li>\n\n\n\n<li><a href='?page_no=36619'>36619<\/a><\/li>\n\n    \n\t\n\n<li >\n\t<a href='?page_no=15992'>Next<\/a>\n\t<\/li>\n\n\n    \n\n<li><a href='?page_no=36619'>Last &rsaquo;&rsaquo;<\/a><\/li>\n\n<\/ul>\n\n\n--><br \/>\n<\/body><\/p>\n","protected":false},"excerpt":{"rendered":"<p>SANTIAGO, RD, 27 de Noviembre.-La Uni\u00f3n Deportiva de Santiago (UDESA), entreg\u00f3 el premio Hanns Hieronimus al decano de la comunicaci\u00f3n, don Ram\u00f3n de Luna, por sus m\u00e9ritos en el \u00e1mbito deportivo y personal. Entre otras cosas, el presidente de la UDESA, profesor H\u00e9ctor de Padua, al dirigirse a los presentes manifest\u00f3 que la entrega de [&hellip;]<\/p>\n","protected":false},"author":3,"featured_media":0,"comment_status":"open","ping_status":"open","sticky":false,"template":"","format":"standard","meta":{"footnotes":""},"categories":[17],"tags":[],"class_list":["post-199493","post","type-post","status-publish","format-standard","hentry","category-deportes"],"_links":{"self":[{"href":"https:\/\/diariodominicano.com\/index.php?rest_route=\/wp\/v2\/posts\/199493","targetHints":{"allow":["GET"]}}],"collection":[{"href":"https:\/\/diariodominicano.com\/index.php?rest_route=\/wp\/v2\/posts"}],"about":[{"href":"https:\/\/diariodominicano.com\/index.php?rest_route=\/wp\/v2\/types\/post"}],"author":[{"embeddable":true,"href":"https:\/\/diariodominicano.com\/index.php?rest_route=\/wp\/v2\/users\/3"}],"replies":[{"embeddable":true,"href":"https:\/\/diariodominicano.com\/index.php?rest_route=%2Fwp%2Fv2%2Fcomments&post=199493"}],"version-history":[{"count":0,"href":"https:\/\/diariodominicano.com\/index.php?rest_route=\/wp\/v2\/posts\/199493\/revisions"}],"wp:attachment":[{"href":"https:\/\/diariodominicano.com\/index.php?rest_route=%2Fwp%2Fv2%2Fmedia&parent=199493"}],"wp:term":[{"taxonomy":"category","embeddable":true,"href":"https:\/\/diariodominicano.com\/index.php?rest_route=%2Fwp%2Fv2%2Fcategories&post=199493"},{"taxonomy":"post_tag","embeddable":true,"href":"https:\/\/diariodominicano.com\/index.php?rest_route=%2Fwp%2Fv2%2Ftags&post=199493"}],"curies":[{"name":"wp","href":"https:\/\/api.w.org\/{rel}","templated":true}]}}