{"id":199485,"date":"2014-11-28T10:14:28","date_gmt":"2014-11-28T10:14:28","guid":{"rendered":"http:\/\/diariodominicano.ddns.net\/?p=199485"},"modified":"2014-11-28T10:14:28","modified_gmt":"2014-11-28T10:14:28","slug":"pele-empeora-en-su-estado-de-salud-y-pasa-a-cuidados-especiales","status":"publish","type":"post","link":"https:\/\/diariodominicano.com\/?p=199485","title":{"rendered":"&#13;Pel\u00e9 empeora en su estado de salud y pasa a cuidados especiales"},"content":{"rendered":"<p><body><\/p>\n<p>Sao Paulo, Brasil 28 noviembre.- El estado de salud de la leyenda del f\u00fatbol brasile\u00f1o Pel\u00e9, de 74 a\u00f1os, empeor\u00f3 este jueves y fue trasladado a la unidad de cuidados especiales, inform\u00f3 el hospital de Sao Paulo donde fue internado el lunes por una infecci\u00f3n urinaria.<\/p>\n<\/p>\n<p>\u00abEdson Arantes do Nascimento (Pel\u00e9) sigue internado con inestabilidad cl\u00ednica. Para recibir los mejores cuidados, fue transferido para ser monitoreado en una unidad de cuidados especiales\u00bb, inform\u00f3 el hospital Albert Einstein de Sao Paulo en un comunicado.<\/p>\n<\/p>\n<p>La unidad en la que se encuentra ingresado ahora Pel\u00e9 no es la cuidados intensivos, sino un paso previo donde se encuentran los pacientes que necesitan de una mayor vigilancia que en planta.<\/p>\n<\/p>\n<p>\u00abEl paciente ha sido transferido a un cuarto donde tiene una mayor vigilancia, pero no es la unidad de cuidados intensivos, es una medida intermedia\u00bb, explic\u00f3 a la AFP una portavoz del hospital.<\/p>\n<\/p>\n<p>Tras confirmar el ingreso el mismo lunes e informar de su evoluci\u00f3n el martes, el hospital comunic\u00f3 el mi\u00e9rcoles que ?O Rei? estaba recibiendo tratamiento antibi\u00f3tico intravenoso.<\/p>\n<\/p>\n<p>Pel\u00e9 fue intervenido el 13 de noviembre de c\u00e1lculos renales en este hospital y fue dado de alta dos d\u00edas despu\u00e9s.<\/p>\n<\/p>\n<p>Hace poco m\u00e1s de dos a\u00f1os, el 15 de noviembre de 2012, el astro del f\u00fatbol brasile\u00f1o fue operado de la cadera tambi\u00e9n en el Albert Einstein de Sao Paulo.  <\/p>\n<h6> 2014-11-28 10:14:28 <\/h6>\n<p><!--\n<link rel=\"stylesheet\" href=\"css\/bootstrap.min.css\">\n\n\n<ul class=\"pagination\">\n\t    \n\t\n\n<li >\n\t<a href='?page_no=15983'>Previous<\/a>\n\t<\/li>\n\n\n       \n    \n\n<li><a href='?page_no=1'>1<\/a><\/li>\n\n\n\n<li><a href='?page_no=2'>2<\/a><\/li>\n\n\n\n<li><a>...<\/a><\/li>\n\n\n\n<li><a href='?page_no=15982'>15982<\/a><\/li>\n\n\n\n<li><a href='?page_no=15983'>15983<\/a><\/li>\n\n\n\n<li class='active'><a>15984<\/a><\/li>\n\n\n\n<li><a href='?page_no=15985'>15985<\/a><\/li>\n\n\n\n<li><a href='?page_no=15986'>15986<\/a><\/li>\n\n\n\n<li><a>...<\/a><\/li>\n\n\n\n<li><a href='?page_no=36618'>36618<\/a><\/li>\n\n\n\n<li><a href='?page_no=36619'>36619<\/a><\/li>\n\n    \n\t\n\n<li >\n\t<a href='?page_no=15985'>Next<\/a>\n\t<\/li>\n\n\n    \n\n<li><a href='?page_no=36619'>Last &rsaquo;&rsaquo;<\/a><\/li>\n\n<\/ul>\n\n\n--><br \/>\n<\/body><\/p>\n","protected":false},"excerpt":{"rendered":"<p>Sao Paulo, Brasil 28 noviembre.- El estado de salud de la leyenda del f\u00fatbol brasile\u00f1o Pel\u00e9, de 74 a\u00f1os, empeor\u00f3 este jueves y fue trasladado a la unidad de cuidados especiales, inform\u00f3 el hospital de Sao Paulo donde fue internado el lunes por una infecci\u00f3n urinaria. \u00abEdson Arantes do Nascimento (Pel\u00e9) sigue internado con inestabilidad [&hellip;]<\/p>\n","protected":false},"author":3,"featured_media":0,"comment_status":"open","ping_status":"open","sticky":false,"template":"","format":"standard","meta":{"footnotes":""},"categories":[17],"tags":[],"class_list":["post-199485","post","type-post","status-publish","format-standard","hentry","category-deportes"],"_links":{"self":[{"href":"https:\/\/diariodominicano.com\/index.php?rest_route=\/wp\/v2\/posts\/199485","targetHints":{"allow":["GET"]}}],"collection":[{"href":"https:\/\/diariodominicano.com\/index.php?rest_route=\/wp\/v2\/posts"}],"about":[{"href":"https:\/\/diariodominicano.com\/index.php?rest_route=\/wp\/v2\/types\/post"}],"author":[{"embeddable":true,"href":"https:\/\/diariodominicano.com\/index.php?rest_route=\/wp\/v2\/users\/3"}],"replies":[{"embeddable":true,"href":"https:\/\/diariodominicano.com\/index.php?rest_route=%2Fwp%2Fv2%2Fcomments&post=199485"}],"version-history":[{"count":0,"href":"https:\/\/diariodominicano.com\/index.php?rest_route=\/wp\/v2\/posts\/199485\/revisions"}],"wp:attachment":[{"href":"https:\/\/diariodominicano.com\/index.php?rest_route=%2Fwp%2Fv2%2Fmedia&parent=199485"}],"wp:term":[{"taxonomy":"category","embeddable":true,"href":"https:\/\/diariodominicano.com\/index.php?rest_route=%2Fwp%2Fv2%2Fcategories&post=199485"},{"taxonomy":"post_tag","embeddable":true,"href":"https:\/\/diariodominicano.com\/index.php?rest_route=%2Fwp%2Fv2%2Ftags&post=199485"}],"curies":[{"name":"wp","href":"https:\/\/api.w.org\/{rel}","templated":true}]}}