{"id":199483,"date":"2014-11-29T00:22:37","date_gmt":"2014-11-29T00:22:37","guid":{"rendered":"http:\/\/diariodominicano.ddns.net\/?p=199483"},"modified":"2014-11-29T00:22:37","modified_gmt":"2014-11-29T00:22:37","slug":"mejora-salud-de-pele-recluido-en-el-hospital-albert-einstein","status":"publish","type":"post","link":"https:\/\/diariodominicano.com\/?p=199483","title":{"rendered":"Mejora salud de Pel\u00e9 recluido en el Hospital Albert Einstein"},"content":{"rendered":"<p><body><\/p>\n<p><img decoding=\"async\" src=\"img3\/grande 29.jpg\" \/>  <\/p>\n<p>Sao Paulo, Brasil 29 noviembre.-  El estado de salud de la leyenda del futbol, Pel\u00e9, de 74 a\u00f1os, mejor\u00f3 este viernes, aunque sigue en terapia intensiva, tratado con hemodiafiltraci\u00f3n, inform\u00f3 este viernes el hospital de Sao Paulo donde est\u00e1 internado.<\/p>\n<\/p>\n<p>\u00abEl paciente Edson Arantes do Nascimento (Pel\u00e9) est\u00e1 mejor de su condici\u00f3n cl\u00ednica y sigue bajo cuidados en la unidad de terapia intensiva. Contin\u00faa en tratamiento temporal de soporte renal (hemodiafiltraci\u00f3n veno-venosa continua), l\u00facido\u00bb y respirando normalmente, inform\u00f3 el Hospital Albert Einstein.<\/p>\n<\/p>\n<p>El centro agreg\u00f3 que, por el momento, el astro brasile\u00f1o no requiere de ning\u00fan tratamiento adicional.<\/p>\n<\/p>\n<p>M\u00e9dicos explicaron a la Afp que la hemodiafiltraci\u00f3n es un tipo de di\u00e1lisis renal con filtraci\u00f3n de sangre.<\/p>\n<\/p>\n<p>Las alarmas sobre el estado de salud de O Rei se dispararon en la tarde del jueves, cuando el hospital donde hab\u00eda ingresado en la noche del lunes con una infecci\u00f3n urinaria inform\u00f3 que Pel\u00e9 hab\u00eda presentado una \u00abinestabilidad cl\u00ednica\u00bb. Por ello, se le traslad\u00f3 a una unidad de cuidados especiales, un \u00e1rea previa a la de terapia intensiva.<\/p>\n<\/p>\n<p>M\u00e1s tarde, el mismo centro admiti\u00f3 que el nombrado como mejor atleta del siglo XX se encontraba en la unidad de terapia intensiva y con soporte renal, aunque su estado de salud estaba mejorando.<\/p>\n<\/p>\n<p>Pero fue el propio Pel\u00e9 quien, a trav\u00e9s de las redes sociales, se encarg\u00f3 de tranquilizar a sus seguidores desmintiendo algunas informaciones proporcionadas por el mismo hospital donde fue operado hace dos semanas de c\u00e1lculos renales.<\/p>\n<\/p>\n<p>\u00abS\u00f3lo fui colocado en un cuarto especial del hospital por motivos de privacidad\u00bb, afirm\u00f3 el mito brasile\u00f1o del futbol a trav\u00e9s de sus cuentas de Facebook y Twitter.<\/p>\n<\/p>\n<p>\u00abGracias a Dios no es nada serio\u00bb, agreg\u00f3, y dijo que aprovechar\u00e1 los cercanos feriados de Navidad y A\u00f1o Nuevo para pasar m\u00e1s tiempo con su familia, \u00aby empezar el nuevo a\u00f1o con una salud renovada, y con muchos viajes internacionales ya planeados\u00bb.<\/p>\n<\/p>\n<p>O Rei fue intervenido el 13 de noviembre de c\u00e1lculos renales en este mismo hospital y fue dado de alta dos d\u00edas despu\u00e9s.<\/p>\n<\/p>\n<p>A su salida del centro hace menos de dos semanas, Pel\u00e9 se mostr\u00f3 de muy buen humor y baj\u00f3 la ventanilla para saludar a los fans que le esperaban en los alrededores.<\/p>\n<\/p>\n<p>\u00abEstoy listo para jugar ma\u00f1ana\u00bb, brome\u00f3 con los periodistas all\u00ed congregados.<\/p>\n<h6> 2014-11-29 00:22:37 <\/h6>\n<p><!--\n<link rel=\"stylesheet\" href=\"css\/bootstrap.min.css\">\n\n\n<ul class=\"pagination\">\n\t    \n\t\n\n<li >\n\t<a href='?page_no=15981'>Previous<\/a>\n\t<\/li>\n\n\n       \n    \n\n<li><a href='?page_no=1'>1<\/a><\/li>\n\n\n\n<li><a href='?page_no=2'>2<\/a><\/li>\n\n\n\n<li><a>...<\/a><\/li>\n\n\n\n<li><a href='?page_no=15980'>15980<\/a><\/li>\n\n\n\n<li><a href='?page_no=15981'>15981<\/a><\/li>\n\n\n\n<li class='active'><a>15982<\/a><\/li>\n\n\n\n<li><a href='?page_no=15983'>15983<\/a><\/li>\n\n\n\n<li><a href='?page_no=15984'>15984<\/a><\/li>\n\n\n\n<li><a>...<\/a><\/li>\n\n\n\n<li><a href='?page_no=36618'>36618<\/a><\/li>\n\n\n\n<li><a href='?page_no=36619'>36619<\/a><\/li>\n\n    \n\t\n\n<li >\n\t<a href='?page_no=15983'>Next<\/a>\n\t<\/li>\n\n\n    \n\n<li><a href='?page_no=36619'>Last &rsaquo;&rsaquo;<\/a><\/li>\n\n<\/ul>\n\n\n--><br \/>\n<\/body><\/p>\n","protected":false},"excerpt":{"rendered":"<p>Sao Paulo, Brasil 29 noviembre.- El estado de salud de la leyenda del futbol, Pel\u00e9, de 74 a\u00f1os, mejor\u00f3 este viernes, aunque sigue en terapia intensiva, tratado con hemodiafiltraci\u00f3n, inform\u00f3 este viernes el hospital de Sao Paulo donde est\u00e1 internado. \u00abEl paciente Edson Arantes do Nascimento (Pel\u00e9) est\u00e1 mejor de su condici\u00f3n cl\u00ednica y sigue [&hellip;]<\/p>\n","protected":false},"author":3,"featured_media":0,"comment_status":"open","ping_status":"open","sticky":false,"template":"","format":"standard","meta":{"footnotes":""},"categories":[17],"tags":[],"class_list":["post-199483","post","type-post","status-publish","format-standard","hentry","category-deportes"],"_links":{"self":[{"href":"https:\/\/diariodominicano.com\/index.php?rest_route=\/wp\/v2\/posts\/199483","targetHints":{"allow":["GET"]}}],"collection":[{"href":"https:\/\/diariodominicano.com\/index.php?rest_route=\/wp\/v2\/posts"}],"about":[{"href":"https:\/\/diariodominicano.com\/index.php?rest_route=\/wp\/v2\/types\/post"}],"author":[{"embeddable":true,"href":"https:\/\/diariodominicano.com\/index.php?rest_route=\/wp\/v2\/users\/3"}],"replies":[{"embeddable":true,"href":"https:\/\/diariodominicano.com\/index.php?rest_route=%2Fwp%2Fv2%2Fcomments&post=199483"}],"version-history":[{"count":0,"href":"https:\/\/diariodominicano.com\/index.php?rest_route=\/wp\/v2\/posts\/199483\/revisions"}],"wp:attachment":[{"href":"https:\/\/diariodominicano.com\/index.php?rest_route=%2Fwp%2Fv2%2Fmedia&parent=199483"}],"wp:term":[{"taxonomy":"category","embeddable":true,"href":"https:\/\/diariodominicano.com\/index.php?rest_route=%2Fwp%2Fv2%2Fcategories&post=199483"},{"taxonomy":"post_tag","embeddable":true,"href":"https:\/\/diariodominicano.com\/index.php?rest_route=%2Fwp%2Fv2%2Ftags&post=199483"}],"curies":[{"name":"wp","href":"https:\/\/api.w.org\/{rel}","templated":true}]}}