{"id":199478,"date":"2014-11-29T08:58:22","date_gmt":"2014-11-29T08:58:22","guid":{"rendered":"http:\/\/diariodominicano.ddns.net\/?p=199478"},"modified":"2014-11-29T08:58:22","modified_gmt":"2014-11-29T08:58:22","slug":"pedro-zapata-y-andreas-rintel-ganan-inicio-torneo-delfines-del-club-naco","status":"publish","type":"post","link":"https:\/\/diariodominicano.com\/?p=199478","title":{"rendered":"&#13;Pedro Zapata y Andreas Rintel ganan inicio torneo Delfines del Club Naco"},"content":{"rendered":"<p><body><\/p>\n<p><img decoding=\"async\" src=\"img3\/nado 29.jpeg\" \/>  <\/p>\n<p>Santo Domingo RD 29 noviembre.- El XXXII Torneo Invitacional Internacional de los Delfines del Club Naco Incorporado inici\u00f3 con actuaciones auspiciosas de Pedro Zapata y Andreas Rintel, quienes establecieron tiempos Panamericanos B, en la jornada inaugural del evento que tiene como escenario al Complejo Acu\u00e1tico del Centro Ol\u00edmpico Juan Pablo Duarte.<\/p>\n<\/p>\n<p>Zapata, del equipo Huracanes de Medell\u00edn (HUR), y Rintel, de los Delfines del Naco, ocuparon el primer y segundo lugar, respectivamente, en la prueba de 400 metros masculino de la categor\u00eda 13 a\u00f1os y m\u00e1s.<\/p>\n<\/p>\n<p>Zapata hizo tiempo de 4:45.16, mientras que Rintel detuvo los cron\u00f3metros en 4:47.17.<\/p>\n<\/p>\n<p>La marca B anterior era de 4:52.55. El tercer puesto fue para Brandon Vives, del equipo RDDN, quien tuvo registro de 4:54.63.<\/p>\n<\/p>\n<p>En la justa acu\u00e1tica, clasificatoria para el Campeonato Mundial de Nataci\u00f3n a celebrarse en Kaz\u00e1n, Rusia y los Juegos Panamericanos que se efectuar\u00e1n en Toronto, Canad\u00e1 el pr\u00f3ximo a\u00f1o, participan desde el jueves m\u00e1s de 400 atletas de 30 equipos representativos de 10 pa\u00edses.<\/p>\n<h6> 2014-11-29 08:58:22 <\/h6>\n<p><!--\n<link rel=\"stylesheet\" href=\"css\/bootstrap.min.css\">\n\n\n<ul class=\"pagination\">\n\t    \n\t\n\n<li >\n\t<a href='?page_no=15977'>Previous<\/a>\n\t<\/li>\n\n\n       \n    \n\n<li><a href='?page_no=1'>1<\/a><\/li>\n\n\n\n<li><a href='?page_no=2'>2<\/a><\/li>\n\n\n\n<li><a>...<\/a><\/li>\n\n\n\n<li><a href='?page_no=15976'>15976<\/a><\/li>\n\n\n\n<li><a href='?page_no=15977'>15977<\/a><\/li>\n\n\n\n<li class='active'><a>15978<\/a><\/li>\n\n\n\n<li><a href='?page_no=15979'>15979<\/a><\/li>\n\n\n\n<li><a href='?page_no=15980'>15980<\/a><\/li>\n\n\n\n<li><a>...<\/a><\/li>\n\n\n\n<li><a href='?page_no=36618'>36618<\/a><\/li>\n\n\n\n<li><a href='?page_no=36619'>36619<\/a><\/li>\n\n    \n\t\n\n<li >\n\t<a href='?page_no=15979'>Next<\/a>\n\t<\/li>\n\n\n    \n\n<li><a href='?page_no=36619'>Last &rsaquo;&rsaquo;<\/a><\/li>\n\n<\/ul>\n\n\n--><br \/>\n<\/body><\/p>\n","protected":false},"excerpt":{"rendered":"<p>Santo Domingo RD 29 noviembre.- El XXXII Torneo Invitacional Internacional de los Delfines del Club Naco Incorporado inici\u00f3 con actuaciones auspiciosas de Pedro Zapata y Andreas Rintel, quienes establecieron tiempos Panamericanos B, en la jornada inaugural del evento que tiene como escenario al Complejo Acu\u00e1tico del Centro Ol\u00edmpico Juan Pablo Duarte. Zapata, del equipo Huracanes [&hellip;]<\/p>\n","protected":false},"author":3,"featured_media":0,"comment_status":"open","ping_status":"open","sticky":false,"template":"","format":"standard","meta":{"footnotes":""},"categories":[17],"tags":[],"class_list":["post-199478","post","type-post","status-publish","format-standard","hentry","category-deportes"],"_links":{"self":[{"href":"https:\/\/diariodominicano.com\/index.php?rest_route=\/wp\/v2\/posts\/199478","targetHints":{"allow":["GET"]}}],"collection":[{"href":"https:\/\/diariodominicano.com\/index.php?rest_route=\/wp\/v2\/posts"}],"about":[{"href":"https:\/\/diariodominicano.com\/index.php?rest_route=\/wp\/v2\/types\/post"}],"author":[{"embeddable":true,"href":"https:\/\/diariodominicano.com\/index.php?rest_route=\/wp\/v2\/users\/3"}],"replies":[{"embeddable":true,"href":"https:\/\/diariodominicano.com\/index.php?rest_route=%2Fwp%2Fv2%2Fcomments&post=199478"}],"version-history":[{"count":0,"href":"https:\/\/diariodominicano.com\/index.php?rest_route=\/wp\/v2\/posts\/199478\/revisions"}],"wp:attachment":[{"href":"https:\/\/diariodominicano.com\/index.php?rest_route=%2Fwp%2Fv2%2Fmedia&parent=199478"}],"wp:term":[{"taxonomy":"category","embeddable":true,"href":"https:\/\/diariodominicano.com\/index.php?rest_route=%2Fwp%2Fv2%2Fcategories&post=199478"},{"taxonomy":"post_tag","embeddable":true,"href":"https:\/\/diariodominicano.com\/index.php?rest_route=%2Fwp%2Fv2%2Ftags&post=199478"}],"curies":[{"name":"wp","href":"https:\/\/api.w.org\/{rel}","templated":true}]}}