{"id":199472,"date":"2014-11-30T08:59:02","date_gmt":"2014-11-30T08:59:02","guid":{"rendered":"http:\/\/diariodominicano.ddns.net\/?p=199472"},"modified":"2014-11-30T08:59:02","modified_gmt":"2014-11-30T08:59:02","slug":"pena-vicepresidente-confederacion-centroamericana-y-del-caribe-fisiculturismo","status":"publish","type":"post","link":"https:\/\/diariodominicano.com\/?p=199472","title":{"rendered":"Pe\u00f1a vicepresidente Confederaci\u00f3n Centroamericana y del Caribe Fisiculturismo"},"content":{"rendered":"<p><body><\/p>\n<p><img decoding=\"async\" src=\"img3\/eligen.jpg\" \/>  <\/p>\n<p><span class=\"text1noticias\">Santo Domingo, RD, 30 de Noviembre.-El presidente de la Federaci\u00f3n Dominicana de Fisiculturismo y Fitness (FDFF), se\u00f1or Tony Pe\u00f1a R., fue escogido, un\u00e1nime, vicepresidente de la Confederaci\u00f3n Centroamericana y del Caribe, en el Congreso Mundial de la Federaci\u00f3n Internacional de ese deporte (IFBB por sus siglas en ingl\u00e9s).<\/span><\/p>\n<\/p>\n<p><span class=\"text1noticias\">\tLa pasada semana, durante el Congreso Mundial, encabezado por el presidente de la IFBB, doctor Rafael Santonja, esta vez celebrado en Brasilia, Brasil, Pe\u00f1a recibi\u00f3 el voto un\u00e1nime de los federados presentes.<\/span><\/p>\n<\/p>\n<p><span class=\"text1noticias\">\tPe\u00f1a agradeci\u00f3 la distinci\u00f3n y valor\u00f3 la gesti\u00f3n del doctor Santonja, quien se mostr\u00f3 complacido con la elecci\u00f3n prometi\u00e9ndole, como siempre, todo el apoyo para su gesti\u00f3n.<\/span><\/p>\n<\/p>\n<p><span class=\"text1noticias\">\tDe igual manera, el doctor Santonja fue reelecto por cuatro a\u00f1os m\u00e1s en la IFBB, tambi\u00e9n contando con el voto un\u00e1nime de la concurrencia.<\/span><\/p>\n<p><span class=\"text1noticias\"><strong>Prohibici\u00f3n para protecci\u00f3n de los atletas<\/strong><\/span><\/p>\n<\/p>\n<p><span class=\"text1noticias\">\tA su llegada al pa\u00eds, de inmediato, Pe\u00f1a R., atendiendo a los mandatos mundiales, envi\u00f3 una comunicaci\u00f3n p\u00fablica en la cual analiza y proh\u00edbe a los atletas, entrenadores, t\u00e9cnicos, jueces, entre otras personas autorizadas por la FDFF, a no participar en actividades que no fueran avaladas por esa entidad.<\/span><\/p>\n<\/p>\n<p><span class=\"text1noticias\">\tExpresa que para protecci\u00f3n de atletas y dem\u00e1s mencionados, la FDFF debe supervisar los escenarios, as\u00ed como la organizaci\u00f3n de las actividades y dar su visto bueno como aval.<\/span><\/p>\n<\/p>\n<p><span class=\"text1noticias\">\tExplica una serie de sanciones que se pondr\u00e1n en ejecuci\u00f3n de acuerdo a la IFBB.(HG)<\/span>.<\/p>\n<h6> 2014-11-30 08:59:02 <\/h6>\n<p><!--\n<link rel=\"stylesheet\" href=\"css\/bootstrap.min.css\">\n\n\n<ul class=\"pagination\">\n\t    \n\t\n\n<li >\n\t<a href='?page_no=15971'>Previous<\/a>\n\t<\/li>\n\n\n       \n    \n\n<li><a href='?page_no=1'>1<\/a><\/li>\n\n\n\n<li><a href='?page_no=2'>2<\/a><\/li>\n\n\n\n<li><a>...<\/a><\/li>\n\n\n\n<li><a href='?page_no=15970'>15970<\/a><\/li>\n\n\n\n<li><a href='?page_no=15971'>15971<\/a><\/li>\n\n\n\n<li class='active'><a>15972<\/a><\/li>\n\n\n\n<li><a href='?page_no=15973'>15973<\/a><\/li>\n\n\n\n<li><a href='?page_no=15974'>15974<\/a><\/li>\n\n\n\n<li><a>...<\/a><\/li>\n\n\n\n<li><a href='?page_no=36618'>36618<\/a><\/li>\n\n\n\n<li><a href='?page_no=36619'>36619<\/a><\/li>\n\n    \n\t\n\n<li >\n\t<a href='?page_no=15973'>Next<\/a>\n\t<\/li>\n\n\n    \n\n<li><a href='?page_no=36619'>Last &rsaquo;&rsaquo;<\/a><\/li>\n\n<\/ul>\n\n\n--><br \/>\n<\/body><\/p>\n","protected":false},"excerpt":{"rendered":"<p>Santo Domingo, RD, 30 de Noviembre.-El presidente de la Federaci\u00f3n Dominicana de Fisiculturismo y Fitness (FDFF), se\u00f1or Tony Pe\u00f1a R., fue escogido, un\u00e1nime, vicepresidente de la Confederaci\u00f3n Centroamericana y del Caribe, en el Congreso Mundial de la Federaci\u00f3n Internacional de ese deporte (IFBB por sus siglas en ingl\u00e9s). La pasada semana, durante el Congreso Mundial, [&hellip;]<\/p>\n","protected":false},"author":3,"featured_media":0,"comment_status":"open","ping_status":"open","sticky":false,"template":"","format":"standard","meta":{"footnotes":""},"categories":[17],"tags":[],"class_list":["post-199472","post","type-post","status-publish","format-standard","hentry","category-deportes"],"_links":{"self":[{"href":"https:\/\/diariodominicano.com\/index.php?rest_route=\/wp\/v2\/posts\/199472","targetHints":{"allow":["GET"]}}],"collection":[{"href":"https:\/\/diariodominicano.com\/index.php?rest_route=\/wp\/v2\/posts"}],"about":[{"href":"https:\/\/diariodominicano.com\/index.php?rest_route=\/wp\/v2\/types\/post"}],"author":[{"embeddable":true,"href":"https:\/\/diariodominicano.com\/index.php?rest_route=\/wp\/v2\/users\/3"}],"replies":[{"embeddable":true,"href":"https:\/\/diariodominicano.com\/index.php?rest_route=%2Fwp%2Fv2%2Fcomments&post=199472"}],"version-history":[{"count":0,"href":"https:\/\/diariodominicano.com\/index.php?rest_route=\/wp\/v2\/posts\/199472\/revisions"}],"wp:attachment":[{"href":"https:\/\/diariodominicano.com\/index.php?rest_route=%2Fwp%2Fv2%2Fmedia&parent=199472"}],"wp:term":[{"taxonomy":"category","embeddable":true,"href":"https:\/\/diariodominicano.com\/index.php?rest_route=%2Fwp%2Fv2%2Fcategories&post=199472"},{"taxonomy":"post_tag","embeddable":true,"href":"https:\/\/diariodominicano.com\/index.php?rest_route=%2Fwp%2Fv2%2Ftags&post=199472"}],"curies":[{"name":"wp","href":"https:\/\/api.w.org\/{rel}","templated":true}]}}