{"id":199471,"date":"2014-11-30T09:47:16","date_gmt":"2014-11-30T09:47:16","guid":{"rendered":"http:\/\/diariodominicano.ddns.net\/?p=199471"},"modified":"2014-11-30T09:47:16","modified_gmt":"2014-11-30T09:47:16","slug":"lantigua-y-mendez-excelentes-en-winter-olympics-mini-os","status":"publish","type":"post","link":"https:\/\/diariodominicano.com\/?p=199471","title":{"rendered":"Lantigua y M\u00e9ndez excelentes en Winter Olympics Mini O?S"},"content":{"rendered":"<p><body><\/p>\n<p><img decoding=\"async\" src=\"img3\/campeones.jpg\" \/>  <\/p>\n<p><span class=\"text1noticias\">Florida, EE.UU., 30 de Noviembre.-Los campeones dominicanos, Darnell Lantigua, de la capital y Randy M\u00e9ndez, de Santiago, hicieron historia con su buena labor en el 43\u00aa Thor Winter Olympics Mini O\u00b4s Motocross y Supercros, que se corri\u00f3 en la pista Gatorback Cycle Park, de Gainesville, Florida al quedar en el top ten de todas las categor\u00edas.<\/span><\/p>\n<\/p>\n<p><span class=\"text1noticias\">Lantigua, quien es campe\u00f3n nacional pre-experto, logr\u00f3 colocarse en el top ten, los mejores diez, en tres de las categor\u00edas corridas, mientras que M\u00e9ndez, l\u00edder dominicano de los expertos en MX-2, lo hac\u00eda en una, en el evento que termin\u00f3 este fin de semana.<\/span><\/p>\n<\/p>\n<p><span class=\"text1noticias\">En supercross, Lantigua lleg\u00f3 octavo en la categor\u00eda de 250cc \u00abC\u00bb, as\u00ed como noveno en los 450cc \u00abC\u00bb, mientras que M\u00e9ndez no consegu\u00eda clasificarse a pesar de ser de los m\u00e1s r\u00e1pidos por desperfectos en los frenos de sus motores y varias ca\u00eddas, en las salidas se colocaban 40 pilotos.<\/span><\/p>\n<\/p>\n<p><span class=\"text1noticias\"> Asimismo, luego de sorprender al mundo en los 250cc \u00abC\u00bb para motocross, al llegar primero en la clasificaci\u00f3n final, donde su compa\u00f1ero M\u00e9ndez hab\u00eda tenido problemas cuando se cay\u00f3 un piloto delante de \u00e9l, el capitale\u00f1o fue noveno overall culminando una excelente campa\u00f1a.<\/span><\/p>\n<\/p>\n<p><span class=\"text1noticias\">Mientras tanto, en la final de 450cc modificada de motocross, M\u00e9ndez se impuls\u00f3 y logr\u00f3 llegar s\u00e9ptimo levantando la Bandera Dominicana con orgullo, mientras que Lantigua sufr\u00eda varias ca\u00eddas, al parecer, en el evento final la \u00e1rdua tarea de competencias consecutivas le cansaron, sin embargo sus jornadas fueron excelentes, en hit corr\u00edan 40 pilotos.<\/span><\/p>\n<\/p>\n<p><span class=\"text1noticias\">         Quedando en el top ten de las categor\u00edas en que compitieron, ambos pilotos campeones dominicanos, con 16 a\u00f1os de edad los dos, encumbraron la Bandera tricolor e imponen que a Rep\u00fablica Dominicana ya hay que tomarla en cuenta, m\u00e1s en eventos de esta naturaleza en los cuales corren cientos de pilotos de todo el mundo.<\/span><\/p>\n<\/p>\n<p><span class=\"text1noticias\">El lema del evento es el siguiente, seg\u00fan la traducci\u00f3n del ingl\u00e9s al espa\u00f1ol hecha por el periodista Oscar Polanco:<\/span><\/p>\n<\/p>\n<p><span class=\"text1noticias\"> \u00abPlanificar ahora para hacer miles de corredores de todo el mundo, se realizar\u00e1 durante la semana de Acci\u00f3n de Gracias en Gatorback Cycle Park. Las carreras comienzan el 25 de noviembre de 2014, para la 42\u00aa anual Thor Juegos Ol\u00edmpicos de Invierno, presentada por el circuito profesional, Sports Unlimited, la misma acoger\u00e1 una jornada llena de supercross y motocross racing\u00bb.(HG)<\/span>.<\/p>\n<h6> 2014-11-30 09:47:16 <\/h6>\n<p><!--\n<link rel=\"stylesheet\" href=\"css\/bootstrap.min.css\">\n\n\n<ul class=\"pagination\">\n\t    \n\t\n\n<li >\n\t<a href='?page_no=15970'>Previous<\/a>\n\t<\/li>\n\n\n       \n    \n\n<li><a href='?page_no=1'>1<\/a><\/li>\n\n\n\n<li><a href='?page_no=2'>2<\/a><\/li>\n\n\n\n<li><a>...<\/a><\/li>\n\n\n\n<li><a href='?page_no=15969'>15969<\/a><\/li>\n\n\n\n<li><a href='?page_no=15970'>15970<\/a><\/li>\n\n\n\n<li class='active'><a>15971<\/a><\/li>\n\n\n\n<li><a href='?page_no=15972'>15972<\/a><\/li>\n\n\n\n<li><a href='?page_no=15973'>15973<\/a><\/li>\n\n\n\n<li><a>...<\/a><\/li>\n\n\n\n<li><a href='?page_no=36618'>36618<\/a><\/li>\n\n\n\n<li><a href='?page_no=36619'>36619<\/a><\/li>\n\n    \n\t\n\n<li >\n\t<a href='?page_no=15972'>Next<\/a>\n\t<\/li>\n\n\n    \n\n<li><a href='?page_no=36619'>Last &rsaquo;&rsaquo;<\/a><\/li>\n\n<\/ul>\n\n\n--><br \/>\n<\/body><\/p>\n","protected":false},"excerpt":{"rendered":"<p>Florida, EE.UU., 30 de Noviembre.-Los campeones dominicanos, Darnell Lantigua, de la capital y Randy M\u00e9ndez, de Santiago, hicieron historia con su buena labor en el 43\u00aa Thor Winter Olympics Mini O\u00b4s Motocross y Supercros, que se corri\u00f3 en la pista Gatorback Cycle Park, de Gainesville, Florida al quedar en el top ten de todas las [&hellip;]<\/p>\n","protected":false},"author":3,"featured_media":0,"comment_status":"open","ping_status":"open","sticky":false,"template":"","format":"standard","meta":{"footnotes":""},"categories":[17],"tags":[],"class_list":["post-199471","post","type-post","status-publish","format-standard","hentry","category-deportes"],"_links":{"self":[{"href":"https:\/\/diariodominicano.com\/index.php?rest_route=\/wp\/v2\/posts\/199471","targetHints":{"allow":["GET"]}}],"collection":[{"href":"https:\/\/diariodominicano.com\/index.php?rest_route=\/wp\/v2\/posts"}],"about":[{"href":"https:\/\/diariodominicano.com\/index.php?rest_route=\/wp\/v2\/types\/post"}],"author":[{"embeddable":true,"href":"https:\/\/diariodominicano.com\/index.php?rest_route=\/wp\/v2\/users\/3"}],"replies":[{"embeddable":true,"href":"https:\/\/diariodominicano.com\/index.php?rest_route=%2Fwp%2Fv2%2Fcomments&post=199471"}],"version-history":[{"count":0,"href":"https:\/\/diariodominicano.com\/index.php?rest_route=\/wp\/v2\/posts\/199471\/revisions"}],"wp:attachment":[{"href":"https:\/\/diariodominicano.com\/index.php?rest_route=%2Fwp%2Fv2%2Fmedia&parent=199471"}],"wp:term":[{"taxonomy":"category","embeddable":true,"href":"https:\/\/diariodominicano.com\/index.php?rest_route=%2Fwp%2Fv2%2Fcategories&post=199471"},{"taxonomy":"post_tag","embeddable":true,"href":"https:\/\/diariodominicano.com\/index.php?rest_route=%2Fwp%2Fv2%2Ftags&post=199471"}],"curies":[{"name":"wp","href":"https:\/\/api.w.org\/{rel}","templated":true}]}}