{"id":199462,"date":"2014-12-01T09:08:06","date_gmt":"2014-12-01T09:08:06","guid":{"rendered":"http:\/\/diariodominicano.ddns.net\/?p=199462"},"modified":"2014-12-01T09:08:06","modified_gmt":"2014-12-01T09:08:06","slug":"waldys-veras-se-impone-en-motociclismo-en-la-gran-final","status":"publish","type":"post","link":"https:\/\/diariodominicano.com\/?p=199462","title":{"rendered":"Waldys Veras se impone en motociclismo en la Gran Final"},"content":{"rendered":"<p><body><\/p>\n<p><img decoding=\"async\" src=\"img3\/moto 1.jpeg\" \/>  <\/p>\n<p>Santo Domingo bRD 1 diciembre.- Waldys Veras sali\u00f3 airoso ayer en la m\u00e1xima categor\u00eda en la competencia de motovelocidad del campeonato celebrado en el Autodromo Mobil 1. Veras, quien ven\u00eda de una aparatosa ca\u00edda en la tarde del s\u00e1bado con lesi\u00f3n en su tobillo derecho, logr\u00f3 imponerse ante Emilio Pe\u00f1a y Amaury Sosa, quienes terminaron segundo y tercero respectivamente. <\/p>\n<\/p>\n<p>Veras domin\u00f3 con gran decisi\u00f3n parando de las gradas a toda la fanaticada que se dio cita a darle apoyo. <\/p>\n<\/p>\n<p>Pe\u00f1a, representante de Champion entidad m\u00e1s importante del mundo automotriz Arias Motors, logr\u00f3 el segundo puesto en la competencia.<\/p>\n<\/p>\n<p>M\u00e1s resultados de motos<\/p>\n<p>La categor\u00eda Pro-Bike fue dominada por el joven sensaci\u00f3n Wayner Veras quien al mismo tiempo se adue\u00f1\u00f3 de la Super Sports 600 alz\u00e1ndose tambi\u00e9n con ambos campeonatos, Edwin L\u00f3pez y Juan Jos\u00e9 P\u00e9rez lograron el segundo y tercer pelda\u00f1o de la probike mientras que Rainier Toribio y Jos\u00e9 Le\u00f3n hac\u00edan lo propio en la Super Sports 600. Rainier Toribio demostr\u00f3 sus habilidades al mantener a raya a sus contrincantes en la categor\u00eda Amateur con gran dominio, Javier Bueno y Ram\u00f3n Lorenzo se llevaron el segundo y tercer lugar.<\/p>\n<h6> 2014-12-01 09:08:06 <\/h6>\n<p><!--\n<link rel=\"stylesheet\" href=\"css\/bootstrap.min.css\">\n\n\n<ul class=\"pagination\">\n\t    \n\t\n\n<li >\n\t<a href='?page_no=15962'>Previous<\/a>\n\t<\/li>\n\n\n       \n    \n\n<li><a href='?page_no=1'>1<\/a><\/li>\n\n\n\n<li><a href='?page_no=2'>2<\/a><\/li>\n\n\n\n<li><a>...<\/a><\/li>\n\n\n\n<li><a href='?page_no=15961'>15961<\/a><\/li>\n\n\n\n<li><a href='?page_no=15962'>15962<\/a><\/li>\n\n\n\n<li class='active'><a>15963<\/a><\/li>\n\n\n\n<li><a href='?page_no=15964'>15964<\/a><\/li>\n\n\n\n<li><a href='?page_no=15965'>15965<\/a><\/li>\n\n\n\n<li><a>...<\/a><\/li>\n\n\n\n<li><a href='?page_no=36618'>36618<\/a><\/li>\n\n\n\n<li><a href='?page_no=36619'>36619<\/a><\/li>\n\n    \n\t\n\n<li >\n\t<a href='?page_no=15964'>Next<\/a>\n\t<\/li>\n\n\n    \n\n<li><a href='?page_no=36619'>Last &rsaquo;&rsaquo;<\/a><\/li>\n\n<\/ul>\n\n\n--><br \/>\n<\/body><\/p>\n","protected":false},"excerpt":{"rendered":"<p>Santo Domingo bRD 1 diciembre.- Waldys Veras sali\u00f3 airoso ayer en la m\u00e1xima categor\u00eda en la competencia de motovelocidad del campeonato celebrado en el Autodromo Mobil 1. Veras, quien ven\u00eda de una aparatosa ca\u00edda en la tarde del s\u00e1bado con lesi\u00f3n en su tobillo derecho, logr\u00f3 imponerse ante Emilio Pe\u00f1a y Amaury Sosa, quienes terminaron [&hellip;]<\/p>\n","protected":false},"author":3,"featured_media":0,"comment_status":"open","ping_status":"open","sticky":false,"template":"","format":"standard","meta":{"footnotes":""},"categories":[17],"tags":[],"class_list":["post-199462","post","type-post","status-publish","format-standard","hentry","category-deportes"],"_links":{"self":[{"href":"https:\/\/diariodominicano.com\/index.php?rest_route=\/wp\/v2\/posts\/199462","targetHints":{"allow":["GET"]}}],"collection":[{"href":"https:\/\/diariodominicano.com\/index.php?rest_route=\/wp\/v2\/posts"}],"about":[{"href":"https:\/\/diariodominicano.com\/index.php?rest_route=\/wp\/v2\/types\/post"}],"author":[{"embeddable":true,"href":"https:\/\/diariodominicano.com\/index.php?rest_route=\/wp\/v2\/users\/3"}],"replies":[{"embeddable":true,"href":"https:\/\/diariodominicano.com\/index.php?rest_route=%2Fwp%2Fv2%2Fcomments&post=199462"}],"version-history":[{"count":0,"href":"https:\/\/diariodominicano.com\/index.php?rest_route=\/wp\/v2\/posts\/199462\/revisions"}],"wp:attachment":[{"href":"https:\/\/diariodominicano.com\/index.php?rest_route=%2Fwp%2Fv2%2Fmedia&parent=199462"}],"wp:term":[{"taxonomy":"category","embeddable":true,"href":"https:\/\/diariodominicano.com\/index.php?rest_route=%2Fwp%2Fv2%2Fcategories&post=199462"},{"taxonomy":"post_tag","embeddable":true,"href":"https:\/\/diariodominicano.com\/index.php?rest_route=%2Fwp%2Fv2%2Ftags&post=199462"}],"curies":[{"name":"wp","href":"https:\/\/api.w.org\/{rel}","templated":true}]}}