{"id":199443,"date":"2014-12-02T08:22:51","date_gmt":"2014-12-02T08:22:51","guid":{"rendered":"http:\/\/diariodominicano.ddns.net\/?p=199443"},"modified":"2014-12-02T08:22:51","modified_gmt":"2014-12-02T08:22:51","slug":"arranca-el-sabado-la-temporada-atletismo-universitario","status":"publish","type":"post","link":"https:\/\/diariodominicano.com\/?p=199443","title":{"rendered":"&#13;Arranca el s\u00e1bado la temporada atletismo universitario"},"content":{"rendered":"<p><body><\/p>\n<p><img decoding=\"async\" src=\"img3\/atleta 2.jpeg\" \/>  <\/p>\n<p>La atleta Jippsi N\u00fa\u00f1ez mientras hablaba en la rueda de prensa donde se ofrecieron los detalles de la justa en compa\u00f1\u00eda de Osvaldo Garc\u00eda, Marcos D\u00edaz, Radham\u00e9s Brea y Edward Dorville.<\/p>\n<p>Compartir este art\u00edculo<\/p>\n<\/p>\n<p>Santo Domingo<\/p>\n<p>Equipos representativos de 15 academias tomar\u00e1n parte en el Torneo Nacional de Atletismo Universitario, previsto para comenzar el pr\u00f3ximo s\u00e1bado a las 9:00 a.m en la pista Alberto Torres del Centro Deportivo Ol\u00edmpico de La Vega.<\/p>\n<\/p>\n<p>El anuncio lo hizo ayer el presidente de la Consejo Nacional de Deportes Universitario y viceministro de Deportes, Marcos D\u00edaz, en rueda de prensa realizada en el Sal\u00f3n James Rodr\u00edguez del Ministerio de Deportes.<\/p>\n<\/p>\n<p>D\u00edaz inform\u00f3 que los atletas participantes competir\u00e1n en los eventos de velocidad de 100 mts, 200 mts y 400 metros planos, en los de media distancia 800, fondo 1500, salto alto y largo, lanzamiento de bala y relevos de 4&#215;100 y 4&#215;400.<\/p>\n<\/p>\n<p>\u00abLa intenci\u00f3n de todo esto es tener m\u00e1s atletismo a nivel universitario expandido en todo el territorio nacional. Involucrar a todas las instituciones de educaci\u00f3n superior, garantizando la participaci\u00f3n de todas las universidades del interior del pa\u00eds\u00bb, coment\u00f3.<\/p>\n<\/p>\n<p>El atleta Edward Dorville, estudiante de Licenciatura en Educaci\u00f3n F\u00edsica en Universidad Nacional Evang\u00e9lica (UNEV) y campe\u00f3n en 100 y 200 metros planos y tambi\u00e9n en relevo 4&#215;100 de la temporada pasada de Atletismo Universitario 2013-2014, resalt\u00f3 la importancia del evento<\/p>\n<\/p>\n<p>\u00abGracias a la Comisi\u00f3n Nacional de Deporte Universitario, nuestra universidad ha ampliado el programa de becas en nuestra disciplina. El a\u00f1o pasado ten\u00edamos 12 atletas becados y este a\u00f1o somos 40 j\u00f3venes que formamos parte del programa de becas en atletismo\u00bb, expres\u00f3. Este a\u00f1o el formato est\u00e1 basado en tres paradas puntuables, dos a realizarse en el interior (La Vega, y La Romana) y la \u00faltima en Santo Domingo.<\/p>\n<\/p>\n<p>La primera parada ser\u00e1 el s\u00e1bado en la pista Alberto Torres del Centro Deportivo Ol\u00edmpico de La Vega.<\/p>\n<\/p>\n<p>\u00abDesde la Federaci\u00f3n felicitamos esta brillante iniciativa; este es un proyecto hermoso que hay que respaldar\u00bb, declar\u00f3 Radham\u00e9s Brea, de la Federaci\u00f3n Dominicana de Atletismo.<\/p>\n<h6> 2014-12-02 08:22:51 <\/h6>\n<p><!--\n<link rel=\"stylesheet\" href=\"css\/bootstrap.min.css\">\n\n\n<ul class=\"pagination\">\n\t    \n\t\n\n<li >\n\t<a href='?page_no=15945'>Previous<\/a>\n\t<\/li>\n\n\n       \n    \n\n<li><a href='?page_no=1'>1<\/a><\/li>\n\n\n\n<li><a href='?page_no=2'>2<\/a><\/li>\n\n\n\n<li><a>...<\/a><\/li>\n\n\n\n<li><a href='?page_no=15944'>15944<\/a><\/li>\n\n\n\n<li><a href='?page_no=15945'>15945<\/a><\/li>\n\n\n\n<li class='active'><a>15946<\/a><\/li>\n\n\n\n<li><a href='?page_no=15947'>15947<\/a><\/li>\n\n\n\n<li><a href='?page_no=15948'>15948<\/a><\/li>\n\n\n\n<li><a>...<\/a><\/li>\n\n\n\n<li><a href='?page_no=36618'>36618<\/a><\/li>\n\n\n\n<li><a href='?page_no=36619'>36619<\/a><\/li>\n\n    \n\t\n\n<li >\n\t<a href='?page_no=15947'>Next<\/a>\n\t<\/li>\n\n\n    \n\n<li><a href='?page_no=36619'>Last &rsaquo;&rsaquo;<\/a><\/li>\n\n<\/ul>\n\n\n--><br \/>\n<\/body><\/p>\n","protected":false},"excerpt":{"rendered":"<p>La atleta Jippsi N\u00fa\u00f1ez mientras hablaba en la rueda de prensa donde se ofrecieron los detalles de la justa en compa\u00f1\u00eda de Osvaldo Garc\u00eda, Marcos D\u00edaz, Radham\u00e9s Brea y Edward Dorville. Compartir este art\u00edculo Santo Domingo Equipos representativos de 15 academias tomar\u00e1n parte en el Torneo Nacional de Atletismo Universitario, previsto para comenzar el pr\u00f3ximo [&hellip;]<\/p>\n","protected":false},"author":3,"featured_media":0,"comment_status":"open","ping_status":"open","sticky":false,"template":"","format":"standard","meta":{"footnotes":""},"categories":[17],"tags":[],"class_list":["post-199443","post","type-post","status-publish","format-standard","hentry","category-deportes"],"_links":{"self":[{"href":"https:\/\/diariodominicano.com\/index.php?rest_route=\/wp\/v2\/posts\/199443","targetHints":{"allow":["GET"]}}],"collection":[{"href":"https:\/\/diariodominicano.com\/index.php?rest_route=\/wp\/v2\/posts"}],"about":[{"href":"https:\/\/diariodominicano.com\/index.php?rest_route=\/wp\/v2\/types\/post"}],"author":[{"embeddable":true,"href":"https:\/\/diariodominicano.com\/index.php?rest_route=\/wp\/v2\/users\/3"}],"replies":[{"embeddable":true,"href":"https:\/\/diariodominicano.com\/index.php?rest_route=%2Fwp%2Fv2%2Fcomments&post=199443"}],"version-history":[{"count":0,"href":"https:\/\/diariodominicano.com\/index.php?rest_route=\/wp\/v2\/posts\/199443\/revisions"}],"wp:attachment":[{"href":"https:\/\/diariodominicano.com\/index.php?rest_route=%2Fwp%2Fv2%2Fmedia&parent=199443"}],"wp:term":[{"taxonomy":"category","embeddable":true,"href":"https:\/\/diariodominicano.com\/index.php?rest_route=%2Fwp%2Fv2%2Fcategories&post=199443"},{"taxonomy":"post_tag","embeddable":true,"href":"https:\/\/diariodominicano.com\/index.php?rest_route=%2Fwp%2Fv2%2Ftags&post=199443"}],"curies":[{"name":"wp","href":"https:\/\/api.w.org\/{rel}","templated":true}]}}