{"id":199440,"date":"2014-12-02T17:59:38","date_gmt":"2014-12-02T17:59:38","guid":{"rendered":"http:\/\/diariodominicano.ddns.net\/?p=199440"},"modified":"2014-12-02T17:59:38","modified_gmt":"2014-12-02T17:59:38","slug":"caceres-sugiere-llevar-boxeo-amateur-a-la-alta-sociedad","status":"publish","type":"post","link":"https:\/\/diariodominicano.com\/?p=199440","title":{"rendered":"C\u00e1ceres sugiere llevar boxeo amateur a la alta sociedad"},"content":{"rendered":"<p><body><\/p>\n<p><img decoding=\"async\" src=\"img3\/Chino.jpg\" \/>  <\/p>\n<p><span class=\"text1noticias\">Santo Domingo, RD, 2 de diciembre.-El coordinador de deportes de la Provincia Santo Domingo y dirigente y entrenador de boxeo amateur, Carlos-Chino-C\u00e1ceres, asegur\u00f3 que esa disciplina necesita transformarse y entre otras cosas sugiere llevarlo a la alta sociedad.<\/span><\/p>\n<\/p>\n<p><span class=\"text1noticias\">\u00abA trav\u00e9s del tiempo los principales peleadores han surgidos de los sectores marginados, sin embargo, nosotros tenemos un plan de llevarlo a la alta sociedad\u00bb, exclam\u00f3 C\u00e1ceres al ser entrevistado en el programa \u00abContacto Deportivo\u00bb.<\/span><\/p>\n<\/p>\n<p><span class=\"text1noticias\">Dijo estar seguro que esto puede dar resultados, indicando que los j\u00f3venes que viven en sectores exclusivos no van a ir a entrenar a un barrio pero que si les habilitan ring en sus sectores, esto dar\u00e1 grandes resultados.<\/span><\/p>\n<\/p>\n<p><span class=\"text1noticias\">Manifest\u00f3 que muchos de los j\u00f3venes de la selecci\u00f3n nacional dan el salto al profesionalismo por carecer de las debidas atenciones.<\/span><\/p>\n<\/p>\n<p><span class=\"text1noticias\">Agradeci\u00f3 al ministro de Deportes, doctor Jaime David Fern\u00e1ndez Mirabal y al presidente de la Federaci\u00f3n de Boxeo, ingeniero Bienvenido Solano, su preocupaci\u00f3n para que los t\u00e9cnicos de boxeo se preparen.<\/span><\/p>\n<\/p>\n<p><span class=\"text1noticias\">Dijo que en la gesti\u00f3n del doctor Jaime David Fern\u00e1ndez Mirabal, el boxeo amateur ha dado un salto, porque se ha preocupado  para que los t\u00e9cnicos y dirigentes se preparen a trav\u00e9s de cursos y diplomados <\/span><\/p>\n<\/p>\n<p><span class=\"text1noticias\">\u00abEl ministro de de Deportes ha imprimido una nueva m\u00edstica al boxeo porque se ha preocupado para que los entrenadores y dirigentes del boxeo se tecnifiquen, por medio de cursos y diplomados\u00bb, explic\u00f3. <\/span><\/p>\n<\/p>\n<p><span class=\"text1noticias\">Al responder preguntas de Zoilo Payano, Tito Alc\u00e1ntara, Luis V\u00edlchez, L\u00e1zaro Garc\u00eda, David Salvador y F\u00e9lix Melo, el dirigente del municipio Santo Domingo Este sostuvo que se prepara para dirigir la Asociaci\u00f3n de Boxeo de la Provincia Santo Domingo.<\/span><\/p>\n<\/p>\n<p><span class=\"text1noticias\">\u00abLas elecciones son este domingo 7 de diciembre y encabezamos una plancha que cuenta con m\u00e1s del 60 por ciento de las asociaciones, lo que nos llevar\u00e1 a transformar el boxeo amateur\u00bb, precisa C\u00e1ceres.<\/span><\/p>\n<\/p>\n<p><span class=\"text1noticias\">El entrenador y dirigente asisti\u00f3 a \u00abContacto Deportivo\u00bb acompa\u00f1ado de Leonel de los Santos, medallista de oro de los 49 kilogramos de los pasados Juegos Centroamericanos de Veracruz, M\u00e9xico, quien dijo que aspira a ser campe\u00f3n ol\u00edmpico.<\/span><\/p>\n<\/p>\n<p><span class=\"text1noticias\">\u00abComenzar\u00e9 a prepararme porque quiero ser campe\u00f3n ol\u00edmpico. Ese es mi gran sue\u00f1o en el boxeo\u00bb, refiri\u00f3 el jovencito de 19 a\u00f1os.(HG)<\/span>.<\/p>\n<h6> 2014-12-02 17:59:38 <\/h6>\n<p><!--\n<link rel=\"stylesheet\" href=\"css\/bootstrap.min.css\">\n\n\n<ul class=\"pagination\">\n\t    \n\t\n\n<li >\n\t<a href='?page_no=15942'>Previous<\/a>\n\t<\/li>\n\n\n       \n    \n\n<li><a href='?page_no=1'>1<\/a><\/li>\n\n\n\n<li><a href='?page_no=2'>2<\/a><\/li>\n\n\n\n<li><a>...<\/a><\/li>\n\n\n\n<li><a href='?page_no=15941'>15941<\/a><\/li>\n\n\n\n<li><a href='?page_no=15942'>15942<\/a><\/li>\n\n\n\n<li class='active'><a>15943<\/a><\/li>\n\n\n\n<li><a href='?page_no=15944'>15944<\/a><\/li>\n\n\n\n<li><a href='?page_no=15945'>15945<\/a><\/li>\n\n\n\n<li><a>...<\/a><\/li>\n\n\n\n<li><a href='?page_no=36618'>36618<\/a><\/li>\n\n\n\n<li><a href='?page_no=36619'>36619<\/a><\/li>\n\n    \n\t\n\n<li >\n\t<a href='?page_no=15944'>Next<\/a>\n\t<\/li>\n\n\n    \n\n<li><a href='?page_no=36619'>Last &rsaquo;&rsaquo;<\/a><\/li>\n\n<\/ul>\n\n\n--><br \/>\n<\/body><\/p>\n","protected":false},"excerpt":{"rendered":"<p>Santo Domingo, RD, 2 de diciembre.-El coordinador de deportes de la Provincia Santo Domingo y dirigente y entrenador de boxeo amateur, Carlos-Chino-C\u00e1ceres, asegur\u00f3 que esa disciplina necesita transformarse y entre otras cosas sugiere llevarlo a la alta sociedad. \u00abA trav\u00e9s del tiempo los principales peleadores han surgidos de los sectores marginados, sin embargo, nosotros tenemos [&hellip;]<\/p>\n","protected":false},"author":3,"featured_media":0,"comment_status":"open","ping_status":"open","sticky":false,"template":"","format":"standard","meta":{"footnotes":""},"categories":[17],"tags":[],"class_list":["post-199440","post","type-post","status-publish","format-standard","hentry","category-deportes"],"_links":{"self":[{"href":"https:\/\/diariodominicano.com\/index.php?rest_route=\/wp\/v2\/posts\/199440","targetHints":{"allow":["GET"]}}],"collection":[{"href":"https:\/\/diariodominicano.com\/index.php?rest_route=\/wp\/v2\/posts"}],"about":[{"href":"https:\/\/diariodominicano.com\/index.php?rest_route=\/wp\/v2\/types\/post"}],"author":[{"embeddable":true,"href":"https:\/\/diariodominicano.com\/index.php?rest_route=\/wp\/v2\/users\/3"}],"replies":[{"embeddable":true,"href":"https:\/\/diariodominicano.com\/index.php?rest_route=%2Fwp%2Fv2%2Fcomments&post=199440"}],"version-history":[{"count":0,"href":"https:\/\/diariodominicano.com\/index.php?rest_route=\/wp\/v2\/posts\/199440\/revisions"}],"wp:attachment":[{"href":"https:\/\/diariodominicano.com\/index.php?rest_route=%2Fwp%2Fv2%2Fmedia&parent=199440"}],"wp:term":[{"taxonomy":"category","embeddable":true,"href":"https:\/\/diariodominicano.com\/index.php?rest_route=%2Fwp%2Fv2%2Fcategories&post=199440"},{"taxonomy":"post_tag","embeddable":true,"href":"https:\/\/diariodominicano.com\/index.php?rest_route=%2Fwp%2Fv2%2Ftags&post=199440"}],"curies":[{"name":"wp","href":"https:\/\/api.w.org\/{rel}","templated":true}]}}