{"id":199434,"date":"2014-12-03T15:20:40","date_gmt":"2014-12-03T15:20:40","guid":{"rendered":"http:\/\/diariodominicano.ddns.net\/?p=199434"},"modified":"2014-12-03T15:20:40","modified_gmt":"2014-12-03T15:20:40","slug":"santiago-se-proclama-campeon-en-torneo-internacional-de-ajedrez-pucmm-2014","status":"publish","type":"post","link":"https:\/\/diariodominicano.com\/?p=199434","title":{"rendered":"Santiago se proclama campe\u00f3n en torneo internacional de ajedrez PUCMM 2014"},"content":{"rendered":"<p><body><\/p>\n<p><img decoding=\"async\" src=\"img3\/ajedrez.jpg\" \/>  <\/p>\n<p><span class=\"text1noticias\">SANTIAGO, RD, 3 de Diciembre.-La selecci\u00f3n de Santiago conquist\u00f3 el torneo internacional de ajedrez por equipos organizado por la Pontificia Universidad Madre y Maestra con la participaci\u00f3n de equipos Dominicanos y Boricuas.<\/span><\/p>\n<p><span class=\"text1noticias\"> <\/span><\/p>\n<p><span class=\"text1noticias\">Los Santiagueros se impusieron en el torneo Internacional PUCMM 2014 al empatar en la \u00faltima ronda con seleccionado del Centro Espa\u00f1ol de esta ciudad.<\/span><\/p>\n<p><span class=\"text1noticias\"> <\/span><\/p>\n<p><span class=\"text1noticias\">De su lado, la representaci\u00f3n de Aguadilla, Puerto Rico, derrot\u00f3 por 3-2 al equipo anfitri\u00f3n de la PUCMM para quedar en tercer lugar.<\/span><\/p>\n<p><span class=\"text1noticias\"> <\/span><\/p>\n<p><span class=\"text1noticias\">El equipo campe\u00f3n estuvo conformado por Dewar Feliz, Dragan Miletich, Luis Bourdierd, Tirso Taveras y Ricardo Gonz\u00e1lez. <\/span><\/p>\n<p><span class=\"text1noticias\"> <\/span><\/p>\n<p><span class=\"text1noticias\">La movida de honor fue realizada por el Director de Deportes de la PUCMM Aridio De Los Santos quien destac\u00f3 las bondades de la pr\u00e1ctica del ajedrez en la vida universitaria.<\/span><\/p>\n<p><span class=\"text1noticias\"> <\/span><\/p>\n<p><span class=\"text1noticias\">Las mejores actuaciones individuales la obtuvieron Leonardo Est\u00e9vez de la PUCMM, Luis Bourdierd y Miletich Dragan de Santiago, Carlos Moscoso del Centro Espa\u00f1ol y Rafael Rosado de Puerto Rico.<\/span><\/p>\n<p><span class=\"text1noticias\"> <\/span><\/p>\n<p><span class=\"text1noticias\">El evento se celebr\u00f3 en la sala de exposiciones de la biblioteca central de la PUCMM y fue arbitrado por Pedro Miranda.(HG)<\/span>.<\/p>\n<\/p>\n<h6> 2014-12-03 15:20:40 <\/h6>\n<p><!--\n<link rel=\"stylesheet\" href=\"css\/bootstrap.min.css\">\n\n\n<ul class=\"pagination\">\n\t    \n\t\n\n<li >\n\t<a href='?page_no=15937'>Previous<\/a>\n\t<\/li>\n\n\n       \n    \n\n<li><a href='?page_no=1'>1<\/a><\/li>\n\n\n\n<li><a href='?page_no=2'>2<\/a><\/li>\n\n\n\n<li><a>...<\/a><\/li>\n\n\n\n<li><a href='?page_no=15936'>15936<\/a><\/li>\n\n\n\n<li><a href='?page_no=15937'>15937<\/a><\/li>\n\n\n\n<li class='active'><a>15938<\/a><\/li>\n\n\n\n<li><a href='?page_no=15939'>15939<\/a><\/li>\n\n\n\n<li><a href='?page_no=15940'>15940<\/a><\/li>\n\n\n\n<li><a>...<\/a><\/li>\n\n\n\n<li><a href='?page_no=36618'>36618<\/a><\/li>\n\n\n\n<li><a href='?page_no=36619'>36619<\/a><\/li>\n\n    \n\t\n\n<li >\n\t<a href='?page_no=15939'>Next<\/a>\n\t<\/li>\n\n\n    \n\n<li><a href='?page_no=36619'>Last &rsaquo;&rsaquo;<\/a><\/li>\n\n<\/ul>\n\n\n--><br \/>\n<\/body><\/p>\n","protected":false},"excerpt":{"rendered":"<p>SANTIAGO, RD, 3 de Diciembre.-La selecci\u00f3n de Santiago conquist\u00f3 el torneo internacional de ajedrez por equipos organizado por la Pontificia Universidad Madre y Maestra con la participaci\u00f3n de equipos Dominicanos y Boricuas. Los Santiagueros se impusieron en el torneo Internacional PUCMM 2014 al empatar en la \u00faltima ronda con seleccionado del Centro Espa\u00f1ol de esta [&hellip;]<\/p>\n","protected":false},"author":3,"featured_media":0,"comment_status":"open","ping_status":"open","sticky":false,"template":"","format":"standard","meta":{"footnotes":""},"categories":[17],"tags":[],"class_list":["post-199434","post","type-post","status-publish","format-standard","hentry","category-deportes"],"_links":{"self":[{"href":"https:\/\/diariodominicano.com\/index.php?rest_route=\/wp\/v2\/posts\/199434","targetHints":{"allow":["GET"]}}],"collection":[{"href":"https:\/\/diariodominicano.com\/index.php?rest_route=\/wp\/v2\/posts"}],"about":[{"href":"https:\/\/diariodominicano.com\/index.php?rest_route=\/wp\/v2\/types\/post"}],"author":[{"embeddable":true,"href":"https:\/\/diariodominicano.com\/index.php?rest_route=\/wp\/v2\/users\/3"}],"replies":[{"embeddable":true,"href":"https:\/\/diariodominicano.com\/index.php?rest_route=%2Fwp%2Fv2%2Fcomments&post=199434"}],"version-history":[{"count":0,"href":"https:\/\/diariodominicano.com\/index.php?rest_route=\/wp\/v2\/posts\/199434\/revisions"}],"wp:attachment":[{"href":"https:\/\/diariodominicano.com\/index.php?rest_route=%2Fwp%2Fv2%2Fmedia&parent=199434"}],"wp:term":[{"taxonomy":"category","embeddable":true,"href":"https:\/\/diariodominicano.com\/index.php?rest_route=%2Fwp%2Fv2%2Fcategories&post=199434"},{"taxonomy":"post_tag","embeddable":true,"href":"https:\/\/diariodominicano.com\/index.php?rest_route=%2Fwp%2Fv2%2Ftags&post=199434"}],"curies":[{"name":"wp","href":"https:\/\/api.w.org\/{rel}","templated":true}]}}