{"id":199422,"date":"2014-12-04T11:32:47","date_gmt":"2014-12-04T11:32:47","guid":{"rendered":"http:\/\/diariodominicano.ddns.net\/?p=199422"},"modified":"2014-12-04T11:32:47","modified_gmt":"2014-12-04T11:32:47","slug":"presidente-cod-advierte-sobre-inversion-deporte","status":"publish","type":"post","link":"https:\/\/diariodominicano.com\/?p=199422","title":{"rendered":"Presidente COD advierte sobre inversi\u00f3n deporte"},"content":{"rendered":"<p><body><\/p>\n<p><img decoding=\"async\" src=\"img3\/luis 4.jpg\" \/>  <\/p>\n<p>Santo Domingo RD 4 diciembre.- El presidente del Comit\u00e9 Ol\u00edmpico Dominicano advirti\u00f3 que si el pa\u00eds no aumenta su inversi\u00f3n en el deporte, frisada desde el a\u00f1o 2008 \u00abnos van a pasar el rolo\u00bb.<\/p>\n<\/p>\n<p>A modo de ejemplo, Luis Mej\u00eda Oviedo declar\u00f3 que para los reci\u00e9n finalizados Juegos Centroamericanos y del Caribe \u00abVeracruz 2014\u00bb, Puerto Rico y Venezuela invirtieron nueve millones de d\u00f3lares en la preparaci\u00f3n de sus atletas por solo tres de Rep\u00fablica Dominicana.<\/p>\n<\/p>\n<p>A pesar de ello, dijo que la delegaci\u00f3n quisqueyana sali\u00f3 airosa en la fiera lucha que libraron por el quinto lugar en la justa regional, detr\u00e1s de Cuba, M\u00e9xico, Colombia y Venezuela.<\/p>\n<\/p>\n<p>\u00abSe necesita una revisi\u00f3n de la inversi\u00f3n en el deporte\u00bb, afirm\u00f3. \u00abPara mantener ese nivel nosotros tenemos que incrementarla porque nos estamos quedando por debajo\u00bb.<\/p>\n<\/p>\n<p>Indic\u00f3 que ahora se consiguieron 77 medallas, divididas en 20 de oro, 34 de plata y 23 de bronce, \u00abpero si seguimos con ese ritmo vamos a bajar m\u00e1s porque es una inversi\u00f3n proporcionalmente directa\u00bb.<\/p>\n<\/p>\n<p>Luis\u00edn lament\u00f3 que desde el 2008 el Gobierno ha mantenido pr\u00e1cticamente inalterable el monto de recursos destinados para las actividades del m\u00fasculo y la mente, sumas que rondan los 2 mil millones cada a\u00f1o.<\/p>\n<\/p>\n<p>En este 2014, al Ministerio de Deportes se le asign\u00f3 2 mil 198 millones de pesos. Para el pr\u00f3ximo a\u00f1o recibir\u00e1 un ligero aumento de 50 \u00aby pico\u00bb de millones (2,251.6), lo cual se traduce en un aumento irrelevante.<\/p>\n<\/p>\n<p>El presupuesto consensuado entre ese ministerio y el COD ascendi\u00f3 a 153 millones, 621 mil, 668 pesos con 38 centavos para cumplir con las eliminatorias, preparaci\u00f3n y participaci\u00f3n en los Juegos de Veracruz, as\u00ed como las eliminatorias para los Juegos Panamericanos de Toronto del a\u00f1o pr\u00f3ximo.<\/p>\n<\/p>\n<p>\u00abLlegamos a un acuerdo que el Gobierno ha cumplido, falta una parte pero el gobierno ha cumplido\u00bb, admiti\u00f3.<\/p>\n<\/p>\n<p>\u00abEso fue lo que acordamos, no hay queja sobre eso. Yo me tengo que sujetar a las limitaciones de la estaci\u00f3n presupuestaria de d\u00e9ficit\u00bb, dijo.<\/p>\n<\/p>\n<p>\u00abNosotros no podemos seguir con una inversi\u00f3n m\u00ednima, tenemos que aumentar esa inversi\u00f3n en el deporte porque nos van a pasar el rolo en el futuro\u00bb, declar\u00f3 Mej\u00eda Oviedo.<\/p>\n<\/p>\n<p>A ello hay que agregarle que no siempre el sector deporte recibe lo asignado originalmente debido a que cuando las recaudaciones el Gobierno le hace recortes de hasta un 25 por ciento.<\/p>\n<\/p>\n<p>Resalt\u00f3 que gracias al apoyo recibido por el Programa Creso el COD ha podido sortear en parte las dificultades que enfrenta por esa situaci\u00f3n.<\/p>\n<h6> 2014-12-04 11:32:47 <\/h6>\n<p><!--\n<link rel=\"stylesheet\" href=\"css\/bootstrap.min.css\">\n\n\n<ul class=\"pagination\">\n\t    \n\t\n\n<li >\n\t<a href='?page_no=15926'>Previous<\/a>\n\t<\/li>\n\n\n       \n    \n\n<li><a href='?page_no=1'>1<\/a><\/li>\n\n\n\n<li><a href='?page_no=2'>2<\/a><\/li>\n\n\n\n<li><a>...<\/a><\/li>\n\n\n\n<li><a href='?page_no=15925'>15925<\/a><\/li>\n\n\n\n<li><a href='?page_no=15926'>15926<\/a><\/li>\n\n\n\n<li class='active'><a>15927<\/a><\/li>\n\n\n\n<li><a href='?page_no=15928'>15928<\/a><\/li>\n\n\n\n<li><a href='?page_no=15929'>15929<\/a><\/li>\n\n\n\n<li><a>...<\/a><\/li>\n\n\n\n<li><a href='?page_no=36618'>36618<\/a><\/li>\n\n\n\n<li><a href='?page_no=36619'>36619<\/a><\/li>\n\n    \n\t\n\n<li >\n\t<a href='?page_no=15928'>Next<\/a>\n\t<\/li>\n\n\n    \n\n<li><a href='?page_no=36619'>Last &rsaquo;&rsaquo;<\/a><\/li>\n\n<\/ul>\n\n\n--><br \/>\n<\/body><\/p>\n","protected":false},"excerpt":{"rendered":"<p>Santo Domingo RD 4 diciembre.- El presidente del Comit\u00e9 Ol\u00edmpico Dominicano advirti\u00f3 que si el pa\u00eds no aumenta su inversi\u00f3n en el deporte, frisada desde el a\u00f1o 2008 \u00abnos van a pasar el rolo\u00bb. A modo de ejemplo, Luis Mej\u00eda Oviedo declar\u00f3 que para los reci\u00e9n finalizados Juegos Centroamericanos y del Caribe \u00abVeracruz 2014\u00bb, Puerto [&hellip;]<\/p>\n","protected":false},"author":3,"featured_media":0,"comment_status":"open","ping_status":"open","sticky":false,"template":"","format":"standard","meta":{"footnotes":""},"categories":[17],"tags":[],"class_list":["post-199422","post","type-post","status-publish","format-standard","hentry","category-deportes"],"_links":{"self":[{"href":"https:\/\/diariodominicano.com\/index.php?rest_route=\/wp\/v2\/posts\/199422","targetHints":{"allow":["GET"]}}],"collection":[{"href":"https:\/\/diariodominicano.com\/index.php?rest_route=\/wp\/v2\/posts"}],"about":[{"href":"https:\/\/diariodominicano.com\/index.php?rest_route=\/wp\/v2\/types\/post"}],"author":[{"embeddable":true,"href":"https:\/\/diariodominicano.com\/index.php?rest_route=\/wp\/v2\/users\/3"}],"replies":[{"embeddable":true,"href":"https:\/\/diariodominicano.com\/index.php?rest_route=%2Fwp%2Fv2%2Fcomments&post=199422"}],"version-history":[{"count":0,"href":"https:\/\/diariodominicano.com\/index.php?rest_route=\/wp\/v2\/posts\/199422\/revisions"}],"wp:attachment":[{"href":"https:\/\/diariodominicano.com\/index.php?rest_route=%2Fwp%2Fv2%2Fmedia&parent=199422"}],"wp:term":[{"taxonomy":"category","embeddable":true,"href":"https:\/\/diariodominicano.com\/index.php?rest_route=%2Fwp%2Fv2%2Fcategories&post=199422"},{"taxonomy":"post_tag","embeddable":true,"href":"https:\/\/diariodominicano.com\/index.php?rest_route=%2Fwp%2Fv2%2Ftags&post=199422"}],"curies":[{"name":"wp","href":"https:\/\/api.w.org\/{rel}","templated":true}]}}