{"id":199421,"date":"2014-12-04T15:39:48","date_gmt":"2014-12-04T15:39:48","guid":{"rendered":"http:\/\/diariodominicano.ddns.net\/?p=199421"},"modified":"2014-12-04T15:39:48","modified_gmt":"2014-12-04T15:39:48","slug":"wessin-chavez-dice-cupula-olimpica-no-puede-atribuirse-logros-de-veracruz","status":"publish","type":"post","link":"https:\/\/diariodominicano.com\/?p=199421","title":{"rendered":"Wessin Ch\u00e1vez dice c\u00fapula ol\u00edmpica no puede atribuirse logros de Veracruz"},"content":{"rendered":"<p><body><\/p>\n<p><img decoding=\"async\" src=\"img3\/Wessin.jpg\" \/>  <\/p>\n<p><span class=\"text1noticias\">Santo Domingo, RD, 4 de diciembre.-El presidente del partido Quisqueyano Dem\u00f3crata Cristiano (PQDC) y exsecretario de Deportes, doctor El\u00edas Wessin Ch\u00e1vez mostr\u00f3 su rechazo este jueves a que las medallas obtenidas en los Juegos Centroamericanos de Veracruz, M\u00e9xico, sean producto del \u00absacrificio\u00bb de los abanderados del deporte superior (c\u00fapula ol\u00edmpica).<\/span><\/p>\n<\/p>\n<p><span class=\"text1noticias\">Consider\u00f3 que como siempre, los \u00e9xitos de medallas obtenidas en cert\u00e1menes internacionales quieran ser presentados como m\u00e9ritos de los ol\u00edmpicos y organizaciones privadas, siendo el Estado en este caso a trav\u00e9s del Ministerio de Deportes, \u00abel malo de la pel\u00edcula\u00bb, porque seg\u00fan la c\u00fapula ol\u00edmpica pudieron haber sido m\u00e1s.<\/span><\/p>\n<\/p>\n<p><span class=\"text1noticias\">\u00abEsto lo veo como el mismo oportunismo de siempre\u00bb, dice el doctor Wessin Ch\u00e1vez, mediante un documento enviado al programa \u00abContacto Deportivo\u00bb, que se transmite de lunes a jueves de 11:00 a 12:00 del mediod\u00eda por los canales 24 del cable y 69 UHF.<\/span><\/p>\n<\/p>\n<p><span class=\"text1noticias\">\u00abEl Ministerio de Deportes est\u00e1 haciendo una labor eficiente y efectiva, llevando el deporte a todos los sectores, sobre todo en las zonas rurales y en la frontera\u00bb, expone el dirigente pol\u00edtico y deportista.<\/span><\/p>\n<\/p>\n<p><span class=\"text1noticias\">A\u00f1ade que: en otras palabras, el Ministerio de Deportes aborda la inversi\u00f3n en la masificaci\u00f3n para beneficio de una mayor\u00eda del pueblo y no exclusivamente a la competici\u00f3n federativa. No reconocer eso es una mezquindad\u00bb. Declar\u00f3 \u00abEliita\u00bb, como le llaman sus m\u00e1s allegados.<\/span><\/p>\n<\/p>\n<p><span class=\"text1noticias\">El doctor Wessin Ch\u00e1vez sostiene que la austeridad del Gobierno abarca a todos los \u00e1mbitos, a\u00fan el sector deporte, y hay que adaptarse a la misma.<\/span><\/p>\n<\/p>\n<p><span class=\"text1noticias\">\u00abLamentablemente el movimiento ol\u00edmpico entiende que debe desarrollarse la pol\u00edtica del \u00abdinero en el saco roto de sus federaciones\u00bb, aduciendo que las federaciones son barriles sin fondo.<\/span><\/p>\n<\/p>\n<p><span class=\"text1noticias\">A los 32 a\u00f1os El\u00edas Wessin Ch\u00e1vez fue designado como secretario de Deportes, convirti\u00e9ndose en el m\u00e1s joven incumbente que ha pasado por la cartera deportiva.<\/span><\/p>\n<\/p>\n<p><span class=\"text1noticias\">Aportes en su gesti\u00f3n<\/span><\/p>\n<\/p>\n<p><span class=\"text1noticias\">En su gesti\u00f3n se impuls\u00f3 y suscribi\u00f3 el primer tratado deportivo y de educaci\u00f3n con los t\u00e9cnicos con Cuba, trayendo desde ese pa\u00eds los profesores y t\u00e9cnicos que relanzaron el atletismo, entre otras pr\u00e1cticas deportivas, lo cual sirvi\u00f3 de plataforma hacia una digna participaci\u00f3n en los posteriores Juegos Panamericanos Santo Domingo 2003.<\/span><\/p>\n<\/p>\n<p><span class=\"text1noticias\">Estableci\u00f3 un hist\u00f3rico convenio deportivo con la UASD que logr\u00f3 reanudar, despu\u00e9s de un int\u00e9rvalo de varios a\u00f1os, los Juegos Universitarios Tony Barreiro.<\/span><\/p>\n<\/p>\n<p><span class=\"text1noticias\">Implement\u00f3 la licenciatura en educaci\u00f3n f\u00edsica en la UASD, con la contrataci\u00f3n de acad\u00e9micos cubanos, que junto a los profesores dominicanos prepararon el pensum de estudio.(HG)<\/span>. <\/p>\n<\/p>\n<h6> 2014-12-04 15:39:48 <\/h6>\n<p><!--\n<link rel=\"stylesheet\" href=\"css\/bootstrap.min.css\">\n\n\n<ul class=\"pagination\">\n\t    \n\t\n\n<li >\n\t<a href='?page_no=15925'>Previous<\/a>\n\t<\/li>\n\n\n       \n    \n\n<li><a href='?page_no=1'>1<\/a><\/li>\n\n\n\n<li><a href='?page_no=2'>2<\/a><\/li>\n\n\n\n<li><a>...<\/a><\/li>\n\n\n\n<li><a href='?page_no=15924'>15924<\/a><\/li>\n\n\n\n<li><a href='?page_no=15925'>15925<\/a><\/li>\n\n\n\n<li class='active'><a>15926<\/a><\/li>\n\n\n\n<li><a href='?page_no=15927'>15927<\/a><\/li>\n\n\n\n<li><a href='?page_no=15928'>15928<\/a><\/li>\n\n\n\n<li><a>...<\/a><\/li>\n\n\n\n<li><a href='?page_no=36618'>36618<\/a><\/li>\n\n\n\n<li><a href='?page_no=36619'>36619<\/a><\/li>\n\n    \n\t\n\n<li >\n\t<a href='?page_no=15927'>Next<\/a>\n\t<\/li>\n\n\n    \n\n<li><a href='?page_no=36619'>Last &rsaquo;&rsaquo;<\/a><\/li>\n\n<\/ul>\n\n\n--><br \/>\n<\/body><\/p>\n","protected":false},"excerpt":{"rendered":"<p>Santo Domingo, RD, 4 de diciembre.-El presidente del partido Quisqueyano Dem\u00f3crata Cristiano (PQDC) y exsecretario de Deportes, doctor El\u00edas Wessin Ch\u00e1vez mostr\u00f3 su rechazo este jueves a que las medallas obtenidas en los Juegos Centroamericanos de Veracruz, M\u00e9xico, sean producto del \u00absacrificio\u00bb de los abanderados del deporte superior (c\u00fapula ol\u00edmpica). Consider\u00f3 que como siempre, los [&hellip;]<\/p>\n","protected":false},"author":3,"featured_media":0,"comment_status":"open","ping_status":"open","sticky":false,"template":"","format":"standard","meta":{"footnotes":""},"categories":[17],"tags":[],"class_list":["post-199421","post","type-post","status-publish","format-standard","hentry","category-deportes"],"_links":{"self":[{"href":"https:\/\/diariodominicano.com\/index.php?rest_route=\/wp\/v2\/posts\/199421","targetHints":{"allow":["GET"]}}],"collection":[{"href":"https:\/\/diariodominicano.com\/index.php?rest_route=\/wp\/v2\/posts"}],"about":[{"href":"https:\/\/diariodominicano.com\/index.php?rest_route=\/wp\/v2\/types\/post"}],"author":[{"embeddable":true,"href":"https:\/\/diariodominicano.com\/index.php?rest_route=\/wp\/v2\/users\/3"}],"replies":[{"embeddable":true,"href":"https:\/\/diariodominicano.com\/index.php?rest_route=%2Fwp%2Fv2%2Fcomments&post=199421"}],"version-history":[{"count":0,"href":"https:\/\/diariodominicano.com\/index.php?rest_route=\/wp\/v2\/posts\/199421\/revisions"}],"wp:attachment":[{"href":"https:\/\/diariodominicano.com\/index.php?rest_route=%2Fwp%2Fv2%2Fmedia&parent=199421"}],"wp:term":[{"taxonomy":"category","embeddable":true,"href":"https:\/\/diariodominicano.com\/index.php?rest_route=%2Fwp%2Fv2%2Fcategories&post=199421"},{"taxonomy":"post_tag","embeddable":true,"href":"https:\/\/diariodominicano.com\/index.php?rest_route=%2Fwp%2Fv2%2Ftags&post=199421"}],"curies":[{"name":"wp","href":"https:\/\/api.w.org\/{rel}","templated":true}]}}