{"id":199420,"date":"2014-12-04T15:45:51","date_gmt":"2014-12-04T15:45:51","guid":{"rendered":"http:\/\/diariodominicano.ddns.net\/?p=199420"},"modified":"2014-12-04T15:45:51","modified_gmt":"2014-12-04T15:45:51","slug":"juan-pinao-ortiz-dice-fedobe-se-descuido-en-la-conformacion-de-seleccion","status":"publish","type":"post","link":"https:\/\/diariodominicano.com\/?p=199420","title":{"rendered":"Juan-Pi\u00f1ao-Ortiz dice Fedobe se descuid\u00f3 en la conformaci\u00f3n de selecci\u00f3n&#13;"},"content":{"rendered":"<p><body><\/p>\n<p><img decoding=\"async\" src=\"img3\/pinao.jpg\" \/>  <\/p>\n<p><span class=\"text1noticias\">Santo Domingo, RD, 4 de diciembre.-El asistente especial del ministro de Deportes, el inmortal Juan-Pi\u00f1ao-Ortiz declar\u00f3 este jueves que la Federaci\u00f3n Dominicana de B\u00e9isbol se descuid\u00f3 en la estructuraci\u00f3n de la selecci\u00f3n nacional de ese deporte y que ese fue el factor que provoc\u00f3 que s\u00f3lo se pudiera obtener la medalla de bronce en Veracruz.<\/span><\/p>\n<\/p>\n<p><span class=\"text1noticias\">\u00abLa actuaci\u00f3n de dominicana fue de los sublime a lo rid\u00edculo, porque despu\u00e9s de ganar el Cl\u00e1sico Mundial, caer a una medalla de bronce en unos Centroamericanos es una actuaci\u00f3n rid\u00edcula para un deporte como el b\u00e9isbol que es nuestra marca pa\u00eds\u00bb, se lament\u00f3 Ortiz.<\/span><\/p>\n<\/p>\n<p><span class=\"text1noticias\">Al ser entrevistado en el programa \u00abContacto Deportivo\u00bb, que se transmite de lunes a jueves de 11:00 a 12:00 del mediod\u00eda por Santo Domingo TV, canal 24 del cable y 69 UHF, Ortiz dijo que la Fedobe debi\u00f3 convocar con suficiente tiempo a los jugadores y que no debi\u00f3 contar con el apoyo de los equipos de la pelota profesional.<\/span><\/p>\n<\/p>\n<p><strong><span class=\"text1noticias\">Federados en problemas<\/span><\/strong><\/p>\n<\/p>\n<p><span class=\"text1noticias\">En otro orden Ortiz asegura que muchos dirigentes federados enfrentan problemas con el ministro de Deportes, doctor Jaime David Fern\u00e1ndez Mirabal porque no liquidan a tiempo para recibir los fondos del Estado.<\/span><\/p>\n<\/p>\n<p><span class=\"text1noticias\">\u00abHay muchos que cumplen con este requisito pero hay otros que no y por eso son los problemas con el ministro, que es una persona muy correcta y que le gusta que las cosas se manejen con transparencia, algo a lo que la mayor\u00eda de dirigentes no est\u00e1 acostumbrado\u00bb, explic\u00f3.<\/span><\/p>\n<\/p>\n<p><span class=\"text1noticias\">Ortiz habl\u00f3 adem\u00e1s de sus m\u00e1s de 20 a\u00f1os en la selecci\u00f3n nacional de b\u00e9isbol, donde registr\u00f3 muchos logros y cit\u00f3 adem\u00e1s los a\u00f1os en que siendo receptor de la selecci\u00f3n amateur lleg\u00f3 a ser instructor de los c\u00e1tchers de los Azulejos de Toronto.<\/span><\/p>\n<\/p>\n<p><span class=\"text1noticias\">Dijo adem\u00e1s que rechaz\u00f3 contratos para el profesionalismo de muchas organizaciones de Grandes Ligas, porque ten\u00eda buen nivel de vida y porque realmente no estuvo interesado en el b\u00e9isbol profesional.(HG)<\/span>.<\/p>\n<h6> 2014-12-04 15:45:51 <\/h6>\n<p><!--\n<link rel=\"stylesheet\" href=\"css\/bootstrap.min.css\">\n\n\n<ul class=\"pagination\">\n\t    \n\t\n\n<li >\n\t<a href='?page_no=15924'>Previous<\/a>\n\t<\/li>\n\n\n       \n    \n\n<li><a href='?page_no=1'>1<\/a><\/li>\n\n\n\n<li><a href='?page_no=2'>2<\/a><\/li>\n\n\n\n<li><a>...<\/a><\/li>\n\n\n\n<li><a href='?page_no=15923'>15923<\/a><\/li>\n\n\n\n<li><a href='?page_no=15924'>15924<\/a><\/li>\n\n\n\n<li class='active'><a>15925<\/a><\/li>\n\n\n\n<li><a href='?page_no=15926'>15926<\/a><\/li>\n\n\n\n<li><a href='?page_no=15927'>15927<\/a><\/li>\n\n\n\n<li><a>...<\/a><\/li>\n\n\n\n<li><a href='?page_no=36618'>36618<\/a><\/li>\n\n\n\n<li><a href='?page_no=36619'>36619<\/a><\/li>\n\n    \n\t\n\n<li >\n\t<a href='?page_no=15926'>Next<\/a>\n\t<\/li>\n\n\n    \n\n<li><a href='?page_no=36619'>Last &rsaquo;&rsaquo;<\/a><\/li>\n\n<\/ul>\n\n\n--><br \/>\n<\/body><\/p>\n","protected":false},"excerpt":{"rendered":"<p>Santo Domingo, RD, 4 de diciembre.-El asistente especial del ministro de Deportes, el inmortal Juan-Pi\u00f1ao-Ortiz declar\u00f3 este jueves que la Federaci\u00f3n Dominicana de B\u00e9isbol se descuid\u00f3 en la estructuraci\u00f3n de la selecci\u00f3n nacional de ese deporte y que ese fue el factor que provoc\u00f3 que s\u00f3lo se pudiera obtener la medalla de bronce en Veracruz. [&hellip;]<\/p>\n","protected":false},"author":3,"featured_media":0,"comment_status":"open","ping_status":"open","sticky":false,"template":"","format":"standard","meta":{"footnotes":""},"categories":[17],"tags":[],"class_list":["post-199420","post","type-post","status-publish","format-standard","hentry","category-deportes"],"_links":{"self":[{"href":"https:\/\/diariodominicano.com\/index.php?rest_route=\/wp\/v2\/posts\/199420","targetHints":{"allow":["GET"]}}],"collection":[{"href":"https:\/\/diariodominicano.com\/index.php?rest_route=\/wp\/v2\/posts"}],"about":[{"href":"https:\/\/diariodominicano.com\/index.php?rest_route=\/wp\/v2\/types\/post"}],"author":[{"embeddable":true,"href":"https:\/\/diariodominicano.com\/index.php?rest_route=\/wp\/v2\/users\/3"}],"replies":[{"embeddable":true,"href":"https:\/\/diariodominicano.com\/index.php?rest_route=%2Fwp%2Fv2%2Fcomments&post=199420"}],"version-history":[{"count":0,"href":"https:\/\/diariodominicano.com\/index.php?rest_route=\/wp\/v2\/posts\/199420\/revisions"}],"wp:attachment":[{"href":"https:\/\/diariodominicano.com\/index.php?rest_route=%2Fwp%2Fv2%2Fmedia&parent=199420"}],"wp:term":[{"taxonomy":"category","embeddable":true,"href":"https:\/\/diariodominicano.com\/index.php?rest_route=%2Fwp%2Fv2%2Fcategories&post=199420"},{"taxonomy":"post_tag","embeddable":true,"href":"https:\/\/diariodominicano.com\/index.php?rest_route=%2Fwp%2Fv2%2Ftags&post=199420"}],"curies":[{"name":"wp","href":"https:\/\/api.w.org\/{rel}","templated":true}]}}