{"id":199413,"date":"2014-12-05T09:34:28","date_gmt":"2014-12-05T09:34:28","guid":{"rendered":"http:\/\/diariodominicano.ddns.net\/?p=199413"},"modified":"2014-12-05T09:34:28","modified_gmt":"2014-12-05T09:34:28","slug":"aguilas-cibaenas-anuncian-debut-de-veterano-miguel-tejada-y-rafael-furcal","status":"publish","type":"post","link":"https:\/\/diariodominicano.com\/?p=199413","title":{"rendered":"Aguilas Cibae\u00f1as anuncian debut de veterano Miguel Tejada y Rafael Furcal"},"content":{"rendered":"<p><body><\/p>\n<p><img decoding=\"async\" src=\"img3\/miguel 5.jpg\" \/><br \/><img decoding=\"async\" src=\"img3\/furcal 5.jpg\" \/>  <\/p>\n<p>Santiago RD 5 diciembre.-El presidente de las Aguilas Cibae\u00f1as, Quilvio Hern\u00e1ndez Casanova, anunci\u00f3 la entrada a juego de los estelares jugadores Miguel Tejada y Rafael Furcal, dentro del programa de fortalecimiento del conjunto.<\/p>\n<\/p>\n<p>\u00abTejada debuta este domingo ante los Tigres del Licey en el Estadio Cibao y Fulcar lo Har\u00e1 el martes tambien en nuestro parque\u00bb, asegur\u00f3 Hern\u00e1ndez.<\/p>\n<\/p>\n<p>El presidente de los aguiluchos dijo que son dos adiciones de jugadores veteranos, que dar\u00e1n mayor madurez al equipo, que este a\u00f1o lucha cerradamente por quedarse con la corona de la pelota dominicana.<\/p>\n<\/p>\n<p>\u00abTejada me dijo que avanz\u00f3 mucho en su preparaci\u00f3n para iniciar con las Aguilas. Estuvo trabajando al igual que Fulcar en una academia de b\u00e9isbol en Santo domingo\u00bb, explic\u00f3.<\/p>\n<\/p>\n<p><strong>WANDY Y OVIEDO APURAN EL PASO<\/strong><\/p>\n<\/p>\n<p>De otro lado, Hern\u00e1ndez se mostr\u00f3 entusiasmado por el progreso que han experimentado en sus entrenamientos los veteranos lanzadores de Grandes Ligas, Wandy Rodr\u00edguez y Juan Carlos Oviedo.<\/p>\n<\/p>\n<p>\u00abRodr\u00edguez ya ha lanzado varias veces en la Liga Paralela del equipo y ya est\u00e1 viendo bateadores, es cuesti\u00f3n de poco tiempo para que \u00e9l entre\u00bb, dijo.<\/p>\n<\/p>\n<p>Sobre Oviedo record\u00f3 que el propio lanzador ha declarado que entrar\u00e1 pronto.<\/p>\n<\/p>\n<p>\u00abEste viernes el estar\u00e1 tirando en un juego de la Liga Paralela, que se desarrollar\u00e1 al mediod\u00eda en el Estadio Cibao.<\/p>\n<\/p>\n<p>Hern\u00e1ndez Casanova precis\u00f3 que pese al incendio que afect\u00f3 el Estadio Cibao, que ha redoblado el trabajo del equipo este a\u00f1o , se ha mantenido el \u00e9nfasis en que el equipo de las Aguilas tenga su mejor conjunto en el terreno de juego.<\/p>\n<\/p>\n<p>\u00abEn ese objetivo no nos vamos a descuidar , nuestra fanaticada puede estar segura que haremos las inversiones necesarias para tener un conjunto competitivo todo el camino\u00bb, asegur\u00f3.<\/p>\n<\/p>\n<p>of-am<\/p>\n<h6> 2014-12-05 09:34:28 <\/h6>\n<p><!--\n<link rel=\"stylesheet\" href=\"css\/bootstrap.min.css\">\n\n\n<ul class=\"pagination\">\n\t    \n\t\n\n<li >\n\t<a href='?page_no=15918'>Previous<\/a>\n\t<\/li>\n\n\n       \n    \n\n<li><a href='?page_no=1'>1<\/a><\/li>\n\n\n\n<li><a href='?page_no=2'>2<\/a><\/li>\n\n\n\n<li><a>...<\/a><\/li>\n\n\n\n<li><a href='?page_no=15917'>15917<\/a><\/li>\n\n\n\n<li><a href='?page_no=15918'>15918<\/a><\/li>\n\n\n\n<li class='active'><a>15919<\/a><\/li>\n\n\n\n<li><a href='?page_no=15920'>15920<\/a><\/li>\n\n\n\n<li><a href='?page_no=15921'>15921<\/a><\/li>\n\n\n\n<li><a>...<\/a><\/li>\n\n\n\n<li><a href='?page_no=36618'>36618<\/a><\/li>\n\n\n\n<li><a href='?page_no=36619'>36619<\/a><\/li>\n\n    \n\t\n\n<li >\n\t<a href='?page_no=15920'>Next<\/a>\n\t<\/li>\n\n\n    \n\n<li><a href='?page_no=36619'>Last &rsaquo;&rsaquo;<\/a><\/li>\n\n<\/ul>\n\n\n--><br \/>\n<\/body><\/p>\n","protected":false},"excerpt":{"rendered":"<p>Santiago RD 5 diciembre.-El presidente de las Aguilas Cibae\u00f1as, Quilvio Hern\u00e1ndez Casanova, anunci\u00f3 la entrada a juego de los estelares jugadores Miguel Tejada y Rafael Furcal, dentro del programa de fortalecimiento del conjunto. \u00abTejada debuta este domingo ante los Tigres del Licey en el Estadio Cibao y Fulcar lo Har\u00e1 el martes tambien en nuestro [&hellip;]<\/p>\n","protected":false},"author":3,"featured_media":0,"comment_status":"open","ping_status":"open","sticky":false,"template":"","format":"standard","meta":{"footnotes":""},"categories":[17],"tags":[],"class_list":["post-199413","post","type-post","status-publish","format-standard","hentry","category-deportes"],"_links":{"self":[{"href":"https:\/\/diariodominicano.com\/index.php?rest_route=\/wp\/v2\/posts\/199413","targetHints":{"allow":["GET"]}}],"collection":[{"href":"https:\/\/diariodominicano.com\/index.php?rest_route=\/wp\/v2\/posts"}],"about":[{"href":"https:\/\/diariodominicano.com\/index.php?rest_route=\/wp\/v2\/types\/post"}],"author":[{"embeddable":true,"href":"https:\/\/diariodominicano.com\/index.php?rest_route=\/wp\/v2\/users\/3"}],"replies":[{"embeddable":true,"href":"https:\/\/diariodominicano.com\/index.php?rest_route=%2Fwp%2Fv2%2Fcomments&post=199413"}],"version-history":[{"count":0,"href":"https:\/\/diariodominicano.com\/index.php?rest_route=\/wp\/v2\/posts\/199413\/revisions"}],"wp:attachment":[{"href":"https:\/\/diariodominicano.com\/index.php?rest_route=%2Fwp%2Fv2%2Fmedia&parent=199413"}],"wp:term":[{"taxonomy":"category","embeddable":true,"href":"https:\/\/diariodominicano.com\/index.php?rest_route=%2Fwp%2Fv2%2Fcategories&post=199413"},{"taxonomy":"post_tag","embeddable":true,"href":"https:\/\/diariodominicano.com\/index.php?rest_route=%2Fwp%2Fv2%2Ftags&post=199413"}],"curies":[{"name":"wp","href":"https:\/\/api.w.org\/{rel}","templated":true}]}}