{"id":199409,"date":"2014-12-05T10:40:27","date_gmt":"2014-12-05T10:40:27","guid":{"rendered":"http:\/\/diariodominicano.ddns.net\/?p=199409"},"modified":"2014-12-05T10:40:27","modified_gmt":"2014-12-05T10:40:27","slug":"ileana-fernandez-se-convirtio-en-pionera-de-la-pista","status":"publish","type":"post","link":"https:\/\/diariodominicano.com\/?p=199409","title":{"rendered":"Ileana Fern\u00e1ndez se convirti\u00f3 en pionera de la pista"},"content":{"rendered":"<p><body><\/p>\n<p><img decoding=\"async\" src=\"img3\/pilota 5.jpg\" \/>  <\/p>\n<p>Santo Domingo RD 5 diciembre.- El Aut\u00f3dromo Mobil 1 fue el escenario para que Ileana Fern\u00e1ndez se convirtiera en la primera mujer en subir al podio ganador en el Premio Nacional de Automovilismo.<\/p>\n<\/p>\n<p>El equipo de Ileana y su padre John Fernandez fueron subcampeones y, con esta proeza, es la primera vez que un equipo de pilotos de padre e hija logran un subcampeonato en el pa\u00eds.<\/p>\n<\/p>\n<p>Ileana es la \u00fanica mujer que ha subido al podio en la m\u00e1xima categor\u00eda (DTS) en tercer lugar, y la primera en ganar una carrera.<\/p>\n<\/p>\n<p>\u00abYo escal\u00e9 el podio, y vi tanta gente que me aplaudi\u00f3\u00bb, manifest\u00f3 Fern\u00e1ndez.<\/p>\n<\/p>\n<p>Relat\u00f3 que el d\u00eda de la clasificaci\u00f3n, previo a la competencia, el padre de una ni\u00f1a que es su fan\u00e1tica le dijo que no le hiciera llorar, que se metiera en la pelea y eso la motiv\u00f3 a dar lo mejor de s\u00ed.<\/p>\n<\/p>\n<p>Fern\u00e1ndez, quien comenz\u00f3 su trayectoria en la pista en el 2011, explic\u00f3 que fue complicado el camino hacia el \u00e9xito, ya que ten\u00edan varios a\u00f1os luchando en busca de estar entre los primeros lugares.<\/p>\n<\/p>\n<p>\u00abYo creo que hicimos algo diferente, nos sentamos, hablamos lo que quer\u00edamos hacer, y entonces cambiamos el carro. Esta fue mi segunda carrera en ese auto, tuve que reajustar mi manera de manejar\u00bb, afirm\u00f3 Fern\u00e1ndez.<\/p>\n<\/p>\n<p>\u00abEl coraz\u00f3n se me hac\u00eda un nudo, yo ten\u00eda tantas emociones y todav\u00eda las siento, tengo que recordar para darme cuenta de que pas\u00f3. Sobre todo ver que el esfuerzo y el sacrificio, del equipo completo de mi familia vali\u00f3 la pena, y ver que el triunfo no fue f\u00e1cil\u00bb, dijo Ileana.<\/p>\n<\/p>\n<p>Agradece al Ministerio de la Mujer por su apoyo, se\u00f1al\u00f3 que es una manera de visualizar esos espacios donde la mujer se pueda desarrollar, principalmente donde no eran pensados para que las f\u00e9minas pudieran buscar su desarrollo personal y profesional.<\/p>\n<\/p>\n<p>Entre sus planes futuros, est\u00e1n mejorar el carro, y avanzar en la posiciones ya alcanzadas. \u00abEsto me deja un sabor grande de satisfacci\u00f3n y alegr\u00eda, que se siente, cuando logras por lo que tanto has trabajado. Adem\u00e1s ver el aprecio de tanta gente\u00bb.<\/p>\n<h6> 2014-12-05 10:40:27 <\/h6>\n<p><!--\n<link rel=\"stylesheet\" href=\"css\/bootstrap.min.css\">\n\n\n<ul class=\"pagination\">\n\t    \n\t\n\n<li >\n\t<a href='?page_no=15914'>Previous<\/a>\n\t<\/li>\n\n\n       \n    \n\n<li><a href='?page_no=1'>1<\/a><\/li>\n\n\n\n<li><a href='?page_no=2'>2<\/a><\/li>\n\n\n\n<li><a>...<\/a><\/li>\n\n\n\n<li><a href='?page_no=15913'>15913<\/a><\/li>\n\n\n\n<li><a href='?page_no=15914'>15914<\/a><\/li>\n\n\n\n<li class='active'><a>15915<\/a><\/li>\n\n\n\n<li><a href='?page_no=15916'>15916<\/a><\/li>\n\n\n\n<li><a href='?page_no=15917'>15917<\/a><\/li>\n\n\n\n<li><a>...<\/a><\/li>\n\n\n\n<li><a href='?page_no=36618'>36618<\/a><\/li>\n\n\n\n<li><a href='?page_no=36619'>36619<\/a><\/li>\n\n    \n\t\n\n<li >\n\t<a href='?page_no=15916'>Next<\/a>\n\t<\/li>\n\n\n    \n\n<li><a href='?page_no=36619'>Last &rsaquo;&rsaquo;<\/a><\/li>\n\n<\/ul>\n\n\n--><br \/>\n<\/body><\/p>\n","protected":false},"excerpt":{"rendered":"<p>Santo Domingo RD 5 diciembre.- El Aut\u00f3dromo Mobil 1 fue el escenario para que Ileana Fern\u00e1ndez se convirtiera en la primera mujer en subir al podio ganador en el Premio Nacional de Automovilismo. El equipo de Ileana y su padre John Fernandez fueron subcampeones y, con esta proeza, es la primera vez que un equipo [&hellip;]<\/p>\n","protected":false},"author":3,"featured_media":0,"comment_status":"open","ping_status":"open","sticky":false,"template":"","format":"standard","meta":{"footnotes":""},"categories":[17],"tags":[],"class_list":["post-199409","post","type-post","status-publish","format-standard","hentry","category-deportes"],"_links":{"self":[{"href":"https:\/\/diariodominicano.com\/index.php?rest_route=\/wp\/v2\/posts\/199409","targetHints":{"allow":["GET"]}}],"collection":[{"href":"https:\/\/diariodominicano.com\/index.php?rest_route=\/wp\/v2\/posts"}],"about":[{"href":"https:\/\/diariodominicano.com\/index.php?rest_route=\/wp\/v2\/types\/post"}],"author":[{"embeddable":true,"href":"https:\/\/diariodominicano.com\/index.php?rest_route=\/wp\/v2\/users\/3"}],"replies":[{"embeddable":true,"href":"https:\/\/diariodominicano.com\/index.php?rest_route=%2Fwp%2Fv2%2Fcomments&post=199409"}],"version-history":[{"count":0,"href":"https:\/\/diariodominicano.com\/index.php?rest_route=\/wp\/v2\/posts\/199409\/revisions"}],"wp:attachment":[{"href":"https:\/\/diariodominicano.com\/index.php?rest_route=%2Fwp%2Fv2%2Fmedia&parent=199409"}],"wp:term":[{"taxonomy":"category","embeddable":true,"href":"https:\/\/diariodominicano.com\/index.php?rest_route=%2Fwp%2Fv2%2Fcategories&post=199409"},{"taxonomy":"post_tag","embeddable":true,"href":"https:\/\/diariodominicano.com\/index.php?rest_route=%2Fwp%2Fv2%2Ftags&post=199409"}],"curies":[{"name":"wp","href":"https:\/\/api.w.org\/{rel}","templated":true}]}}