{"id":199406,"date":"2014-12-05T12:50:21","date_gmt":"2014-12-05T12:50:21","guid":{"rendered":"http:\/\/diariodominicano.ddns.net\/?p=199406"},"modified":"2014-12-05T12:50:21","modified_gmt":"2014-12-05T12:50:21","slug":"maria-dimitrova-dice-hace-falta-apoyo-economico-en-la-federacion-dominicana-de-karate","status":"publish","type":"post","link":"https:\/\/diariodominicano.com\/?p=199406","title":{"rendered":"Mar\u00eda Dimitrova dice hace falta apoyo econ\u00f3mico en la Federaci\u00f3n Dominicana de Karate"},"content":{"rendered":"<p><body><\/p>\n<p><img decoding=\"async\" src=\"img3\/dimi 5.png\" \/>  <\/p>\n<p>Santo Domingo RD 5 diciembre.- Con actitud din\u00e1mica y diosa de una humildad asombrosa, ly conocida como \u00abPrincesa del Karate, Mar\u00eda Dimitrova, dijo hoy  que si la Federaci\u00f3n Dominicana de Karate tuviera mas apoyo econ\u00f3mico, no existieran tantas precariedades como las que cuenta esa instituci\u00f3n.<\/p>\n<\/p>\n<p>\u00abMe preocupa que la entidad no tenga nutricionista ni terap\u00e9utico;  es como si nad\u00e1ramos contra la corriente porque con los pocos recursos que recibimos as\u00ed tenemos que enfrentarnos a competidores internacionales\u00bb, precis\u00f3. <\/p>\n<\/p>\n<p>Due\u00f1a de s\u00ed misma,  y con una  seguridad que le ha abierto las puertas para seguir conquistando el triunfo con el que  hoy cuenta,  trabaja  para encaminar a otros a trav\u00e9s de su propia escuela de artes marciales.  <\/p>\n<\/p>\n<p>Consider\u00f3 que el Karate le ha ayudado a mantener una buena autoestima.<\/p>\n<\/p>\n<p>Exhort\u00f3  a que los ni\u00f1os tambi\u00e9n practiquen Karate, ya que este deporte contribuye al desarrollo personal sobre todo en aquellos <\/p>\n<p>que son victimas de acoso escolar o \u00bb Bullying\u00bb.<\/p>\n<\/p>\n<p>Luego de su participaci\u00f3n en los recientes Juegos Centroamericanos de Veracruz, M\u00e9xico, Dimitrova  demuestra que la persistencia y la disciplina son la base fundamental para lograr el \u00e9xito. <\/p>\n<\/p>\n<p>Agreg\u00f3 que cuando inici\u00f3 en el karate lo hizo representando a Bulgaria y Rep\u00fablica Dominicana, ya que era permitido en la federaci\u00f3n a lo que con orgullo dijo que termin\u00f3 decidi\u00e9ndose por representar al pa\u00eds en el  m\u00e1s alto nivel de la modalidad kata de karate.<\/p>\n<\/p>\n<p>Dimitrova habl\u00f3 en esos t\u00e9rminos en el programa Pantalla Abierta que se transmite de lunes a viernes de 6:30-9 am por el canal 36, conducido por el doctor Rafael Franco, la periodista Zonia Tejada, los ingenieros Johnny Marte y Tom\u00e1s Hern\u00e1ndez.<\/p>\n<h6> 2014-12-05 12:50:21 <\/h6>\n<p><!--\n<link rel=\"stylesheet\" href=\"css\/bootstrap.min.css\">\n\n\n<ul class=\"pagination\">\n\t    \n\t\n\n<li >\n\t<a href='?page_no=15911'>Previous<\/a>\n\t<\/li>\n\n\n       \n    \n\n<li><a href='?page_no=1'>1<\/a><\/li>\n\n\n\n<li><a href='?page_no=2'>2<\/a><\/li>\n\n\n\n<li><a>...<\/a><\/li>\n\n\n\n<li><a href='?page_no=15910'>15910<\/a><\/li>\n\n\n\n<li><a href='?page_no=15911'>15911<\/a><\/li>\n\n\n\n<li class='active'><a>15912<\/a><\/li>\n\n\n\n<li><a href='?page_no=15913'>15913<\/a><\/li>\n\n\n\n<li><a href='?page_no=15914'>15914<\/a><\/li>\n\n\n\n<li><a>...<\/a><\/li>\n\n\n\n<li><a href='?page_no=36618'>36618<\/a><\/li>\n\n\n\n<li><a href='?page_no=36619'>36619<\/a><\/li>\n\n    \n\t\n\n<li >\n\t<a href='?page_no=15913'>Next<\/a>\n\t<\/li>\n\n\n    \n\n<li><a href='?page_no=36619'>Last &rsaquo;&rsaquo;<\/a><\/li>\n\n<\/ul>\n\n\n--><br \/>\n<\/body><\/p>\n","protected":false},"excerpt":{"rendered":"<p>Santo Domingo RD 5 diciembre.- Con actitud din\u00e1mica y diosa de una humildad asombrosa, ly conocida como \u00abPrincesa del Karate, Mar\u00eda Dimitrova, dijo hoy que si la Federaci\u00f3n Dominicana de Karate tuviera mas apoyo econ\u00f3mico, no existieran tantas precariedades como las que cuenta esa instituci\u00f3n. \u00abMe preocupa que la entidad no tenga nutricionista ni terap\u00e9utico; [&hellip;]<\/p>\n","protected":false},"author":3,"featured_media":0,"comment_status":"open","ping_status":"open","sticky":false,"template":"","format":"standard","meta":{"footnotes":""},"categories":[17],"tags":[],"class_list":["post-199406","post","type-post","status-publish","format-standard","hentry","category-deportes"],"_links":{"self":[{"href":"https:\/\/diariodominicano.com\/index.php?rest_route=\/wp\/v2\/posts\/199406","targetHints":{"allow":["GET"]}}],"collection":[{"href":"https:\/\/diariodominicano.com\/index.php?rest_route=\/wp\/v2\/posts"}],"about":[{"href":"https:\/\/diariodominicano.com\/index.php?rest_route=\/wp\/v2\/types\/post"}],"author":[{"embeddable":true,"href":"https:\/\/diariodominicano.com\/index.php?rest_route=\/wp\/v2\/users\/3"}],"replies":[{"embeddable":true,"href":"https:\/\/diariodominicano.com\/index.php?rest_route=%2Fwp%2Fv2%2Fcomments&post=199406"}],"version-history":[{"count":0,"href":"https:\/\/diariodominicano.com\/index.php?rest_route=\/wp\/v2\/posts\/199406\/revisions"}],"wp:attachment":[{"href":"https:\/\/diariodominicano.com\/index.php?rest_route=%2Fwp%2Fv2%2Fmedia&parent=199406"}],"wp:term":[{"taxonomy":"category","embeddable":true,"href":"https:\/\/diariodominicano.com\/index.php?rest_route=%2Fwp%2Fv2%2Fcategories&post=199406"},{"taxonomy":"post_tag","embeddable":true,"href":"https:\/\/diariodominicano.com\/index.php?rest_route=%2Fwp%2Fv2%2Ftags&post=199406"}],"curies":[{"name":"wp","href":"https:\/\/api.w.org\/{rel}","templated":true}]}}