{"id":199399,"date":"2014-12-06T10:19:51","date_gmt":"2014-12-06T10:19:51","guid":{"rendered":"http:\/\/diariodominicano.ddns.net\/?p=199399"},"modified":"2014-12-06T10:19:51","modified_gmt":"2014-12-06T10:19:51","slug":"david-ortiz-dice-todavia-no-piensa-en-el-retiro","status":"publish","type":"post","link":"https:\/\/diariodominicano.com\/?p=199399","title":{"rendered":"&#13;David Ortiz dice todav\u00eda no piensa en el retiro,"},"content":{"rendered":"<p><body><\/p>\n<p><img decoding=\"async\" src=\"img3\/cla 6.jpg\" \/>  <\/p>\n<p>Santo Domingo RD 6 diciembre.- A pesar de que muchos peloteros se despiden de las Grandes Ligas antes de llegar a los cuarenta a\u00f1os, el estelar dominicano David Ortiz todav\u00eda siente que no ha llegado al punto de pensar en el retiro.<\/p>\n<\/p>\n<p> \u00abNo, todav\u00eda, eso viene un d\u00eda de estos. Cuando yo lo haga ustedes lo sabr\u00e1n, por ahora no pienso en el retiro\u00bb, dijo Ortiz, quien tiene 18 temporadas de experiencia en las Mayores y once de ellos han sido para la organizaci\u00f3n de los Medias Rojas de Boston. <\/p>\n<\/p>\n<p>\u00abLa realidad es que la carrera de nosotros es corta, pr\u00e1cticamente le dedico mi tiempo al b\u00e9isbol diez meses al a\u00f1o. En lo que a mi carrera se refiere estoy casi en los pasos finales, pero la vida contin\u00faa\u00bb, dijo el bateador designado.<\/p>\n<\/p>\n<p>Ortiz habl\u00f3 con la prensa en el marco de la puesta en marcha del VII Cl\u00e1sico de Golf de Celebridades David Ortiz, que se realizar\u00e1 hasta el domingo en el campo Punta Espada de Cap Cana, La Altagracia. <\/p>\n<\/p>\n<p>Asimismo, se refiri\u00f3 a las m\u00faltiples elecciones que podr\u00eda ejercer una vez cuelgue los spikes. \u00abTengo muchas opciones despu\u00e9s que deje de jugar, ustedes se dar\u00e1n cuenta en lo que el negro se decide\u00bb, agreg\u00f3.<\/p>\n<\/p>\n<p>David, quien este a\u00f1o se estren\u00f3 como comentarista de televisi\u00f3n para la cadena FOX en los programas previos a los dos primeros partidos de la Serie Mundial, ponder\u00f3 que, precisamente, esa ser\u00eda una de las facetas que podr\u00eda realizar luego de terminar su carrera profesional como pelotero. \u00abMe divert\u00ed mucho. Ellos dicen que me veo bien, que el negro luce bien. Ellos quer\u00edan m\u00e1s, pero ten\u00eda compromisos\u00bb, coment\u00f3.<\/p>\n<\/p>\n<p><strong>Constelaci\u00f3n de celebridades <\/strong><\/p>\n<p><strong> <\/strong><\/p>\n<p>Una vez m\u00e1s el VII Cl\u00e1sico de Golf de Celebridades David Ortiz inici\u00f3 ayer con la participaci\u00f3n de distinguidas figuras del b\u00e9isbol, el arte y el espect\u00e1culo, unidos por la causa com\u00fan de recaudar fondos para propiciar salud a ni\u00f1os en capacidad de aceptar cirug\u00eda card\u00edaca.<\/p>\n<\/p>\n<p>Esta vez en un escenario distinto, el hotel Alsol Luxy Village, dio la bienvenida a los invitados del Fondo para la Ni\u00f1ez David Ortiz, quienes comenzaron a llegar al pa\u00eds el pasado jueves.<\/p>\n<\/p>\n<p>Cargados de emotividad y alegr\u00eda, despidieron la noche con una subasta de los equipos que integraron los invitados en el marco de una fiesta de bienvenida.<\/p>\n<\/p>\n<p>En esta ocasi\u00f3n, la justa cont\u00f3 con el apoyo de Pedro Mart\u00ednez, Joe Andruzzi, Jos\u00e9 Bautista, Craig Breslow, Robinson Can\u00f3, Jonathan Coachman, Octavio Dotel, Dexter Fowler, Andr\u00e9s Galarraga, Aimee Garc\u00eda, Barry Will Middlebrooks, Pl\u00e1cido Polanco, Hanley Ram\u00edrez, Jim Rice, Iv\u00e1n Rodr\u00edguez, Adrian Beltr\u00e9, Ervin Santana, entre otros.<\/p>\n<\/p>\n<h6> 2014-12-06 10:19:51 <\/h6>\n<p><!--\n<link rel=\"stylesheet\" href=\"css\/bootstrap.min.css\">\n\n\n<ul class=\"pagination\">\n\t    \n\t\n\n<li >\n\t<a href='?page_no=15905'>Previous<\/a>\n\t<\/li>\n\n\n       \n    \n\n<li><a href='?page_no=1'>1<\/a><\/li>\n\n\n\n<li><a href='?page_no=2'>2<\/a><\/li>\n\n\n\n<li><a>...<\/a><\/li>\n\n\n\n<li><a href='?page_no=15904'>15904<\/a><\/li>\n\n\n\n<li><a href='?page_no=15905'>15905<\/a><\/li>\n\n\n\n<li class='active'><a>15906<\/a><\/li>\n\n\n\n<li><a href='?page_no=15907'>15907<\/a><\/li>\n\n\n\n<li><a href='?page_no=15908'>15908<\/a><\/li>\n\n\n\n<li><a>...<\/a><\/li>\n\n\n\n<li><a href='?page_no=36618'>36618<\/a><\/li>\n\n\n\n<li><a href='?page_no=36619'>36619<\/a><\/li>\n\n    \n\t\n\n<li >\n\t<a href='?page_no=15907'>Next<\/a>\n\t<\/li>\n\n\n    \n\n<li><a href='?page_no=36619'>Last &rsaquo;&rsaquo;<\/a><\/li>\n\n<\/ul>\n\n\n--><br \/>\n<\/body><\/p>\n","protected":false},"excerpt":{"rendered":"<p>Santo Domingo RD 6 diciembre.- A pesar de que muchos peloteros se despiden de las Grandes Ligas antes de llegar a los cuarenta a\u00f1os, el estelar dominicano David Ortiz todav\u00eda siente que no ha llegado al punto de pensar en el retiro. \u00abNo, todav\u00eda, eso viene un d\u00eda de estos. Cuando yo lo haga ustedes [&hellip;]<\/p>\n","protected":false},"author":3,"featured_media":0,"comment_status":"open","ping_status":"open","sticky":false,"template":"","format":"standard","meta":{"footnotes":""},"categories":[17],"tags":[],"class_list":["post-199399","post","type-post","status-publish","format-standard","hentry","category-deportes"],"_links":{"self":[{"href":"https:\/\/diariodominicano.com\/index.php?rest_route=\/wp\/v2\/posts\/199399","targetHints":{"allow":["GET"]}}],"collection":[{"href":"https:\/\/diariodominicano.com\/index.php?rest_route=\/wp\/v2\/posts"}],"about":[{"href":"https:\/\/diariodominicano.com\/index.php?rest_route=\/wp\/v2\/types\/post"}],"author":[{"embeddable":true,"href":"https:\/\/diariodominicano.com\/index.php?rest_route=\/wp\/v2\/users\/3"}],"replies":[{"embeddable":true,"href":"https:\/\/diariodominicano.com\/index.php?rest_route=%2Fwp%2Fv2%2Fcomments&post=199399"}],"version-history":[{"count":0,"href":"https:\/\/diariodominicano.com\/index.php?rest_route=\/wp\/v2\/posts\/199399\/revisions"}],"wp:attachment":[{"href":"https:\/\/diariodominicano.com\/index.php?rest_route=%2Fwp%2Fv2%2Fmedia&parent=199399"}],"wp:term":[{"taxonomy":"category","embeddable":true,"href":"https:\/\/diariodominicano.com\/index.php?rest_route=%2Fwp%2Fv2%2Fcategories&post=199399"},{"taxonomy":"post_tag","embeddable":true,"href":"https:\/\/diariodominicano.com\/index.php?rest_route=%2Fwp%2Fv2%2Ftags&post=199399"}],"curies":[{"name":"wp","href":"https:\/\/api.w.org\/{rel}","templated":true}]}}