{"id":199396,"date":"2014-12-06T13:48:42","date_gmt":"2014-12-06T13:48:42","guid":{"rendered":"http:\/\/diariodominicano.ddns.net\/?p=199396"},"modified":"2014-12-06T13:48:42","modified_gmt":"2014-12-06T13:48:42","slug":"grupo-aps-se-apresta-a-firmar-alianza-estrategica-con-el-ministerio-de-deportes","status":"publish","type":"post","link":"https:\/\/diariodominicano.com\/?p=199396","title":{"rendered":"Grupo APS se apresta a firmar alianza estrat\u00e9gica con el Ministerio de Deportes"},"content":{"rendered":"<p><body><\/p>\n<p><img decoding=\"async\" src=\"img3\/jaime.jpg\" \/>  <\/p>\n<p><span class=\"text1noticias\">Santo Domingo, RD, 6 de Diciembre.-El Grupo APS se apresta a firmar una alianza estrat\u00e9gica con el Ministerio de Deportes, mediante la cual unir\u00e1n sus esfuerzos para fortalecer el programa \u00abSalud &amp; Deporte\u00bb, que se realiza desde los inicios de la gesti\u00f3n del doctor Jaime David Fern\u00e1ndez Mirabal.<\/span><\/p>\n<\/p>\n<p><span class=\"text1noticias\">\u00abSalud &amp; Deporte\u00bb lanzado en el a\u00f1o 2012, es un programa desarrollado para incentivar a los ciudadanos de todo el pa\u00eds a realizar ejercicios con la finalidad de contribuir a mejorar la salud f\u00edsica y as\u00ed evitar que el sedentarismo se apodere de ellos.<\/span><\/p>\n<\/p>\n<p><span class=\"text1noticias\">Con esos fines, el Doctor Alejandro Asmar, Presidente del Grupo Asegurador APS encabez\u00f3 un encuentro con el ministro de Deportes, donde coordinaron todos los pasos y actividades que se realizar\u00e1n en el marco de este acuerdo que ser\u00e1 puesto en marcha en los pr\u00f3ximos d\u00edas.<\/span><\/p>\n<\/p>\n<p><span class=\"text1noticias\">Este programa ha ido en auge creciente desde la fecha de su lanzamiento y ha estado vigente en los principales centros deportivos como: Parque del Este, Centro Ol\u00edmpico Juan Pablo Duarte, y la Barranquita, como tambi\u00e9n los polideportivos o multiusos en diferentes puntos del pa\u00eds.<\/span><\/p>\n<\/p>\n<p><span class=\"text1noticias\">El ministro de Deportes, Doctor Jaime David Fern\u00e1ndez Mirabal, consciente del impacto que esto puede generar en la sociedad asumi\u00f3 este proyecto y se mostr\u00f3 muy entusiasmado con la entrada de la empresa aseguradora APS al mismo.<\/span><\/p>\n<\/p>\n<p><span class=\"text1noticias\">De acuerdo a la organizaci\u00f3n Mundial de la Salud-OMS-, el ejercicio f\u00edsico proporciona a las sociedades y econom\u00edas beneficios derivados como: la reducci\u00f3n de costos de atenci\u00f3n primaria, aumento<\/span><\/p>\n<p><span class=\"text1noticias\">de la producci\u00f3n individual, mejor rendimiento escolar e incremento de beneficios comerciales.<\/span><\/p>\n<\/p>\n<p><span class=\"text1noticias\">\u00abEl ministro de Deportes se sinti\u00f3 muy complacido con el encuentro que sostuvimos con el, donde evaluamos todos los alcances de este importante programa\u00bb declar\u00f3 el Doctor Alejandro Asmar, m\u00e1ximo ejecutivo del Grupo APS.<\/span><\/p>\n<\/p>\n<p><span class=\"text1noticias\">Por medio de esta alianza, el Grupo APS aspira a convertirse en una pieza importante para que este proyecto de \u00abSalud &amp; Deporte\u00bb siga concitando el inter\u00e9s nacional y as\u00ed continuar aportando a trav\u00e9s de su compromiso de Responsabilidad Social a la sociedad dominicana.(HG)<\/span>.<\/p>\n<h6> 2014-12-06 13:48:42 <\/h6>\n<p><!--\n<link rel=\"stylesheet\" href=\"css\/bootstrap.min.css\">\n\n\n<ul class=\"pagination\">\n\t    \n\t\n\n<li >\n\t<a href='?page_no=15902'>Previous<\/a>\n\t<\/li>\n\n\n       \n    \n\n<li><a href='?page_no=1'>1<\/a><\/li>\n\n\n\n<li><a href='?page_no=2'>2<\/a><\/li>\n\n\n\n<li><a>...<\/a><\/li>\n\n\n\n<li><a href='?page_no=15901'>15901<\/a><\/li>\n\n\n\n<li><a href='?page_no=15902'>15902<\/a><\/li>\n\n\n\n<li class='active'><a>15903<\/a><\/li>\n\n\n\n<li><a href='?page_no=15904'>15904<\/a><\/li>\n\n\n\n<li><a href='?page_no=15905'>15905<\/a><\/li>\n\n\n\n<li><a>...<\/a><\/li>\n\n\n\n<li><a href='?page_no=36618'>36618<\/a><\/li>\n\n\n\n<li><a href='?page_no=36619'>36619<\/a><\/li>\n\n    \n\t\n\n<li >\n\t<a href='?page_no=15904'>Next<\/a>\n\t<\/li>\n\n\n    \n\n<li><a href='?page_no=36619'>Last &rsaquo;&rsaquo;<\/a><\/li>\n\n<\/ul>\n\n\n--><br \/>\n<\/body><\/p>\n","protected":false},"excerpt":{"rendered":"<p>Santo Domingo, RD, 6 de Diciembre.-El Grupo APS se apresta a firmar una alianza estrat\u00e9gica con el Ministerio de Deportes, mediante la cual unir\u00e1n sus esfuerzos para fortalecer el programa \u00abSalud &amp; Deporte\u00bb, que se realiza desde los inicios de la gesti\u00f3n del doctor Jaime David Fern\u00e1ndez Mirabal. \u00abSalud &amp; Deporte\u00bb lanzado en el a\u00f1o [&hellip;]<\/p>\n","protected":false},"author":3,"featured_media":0,"comment_status":"open","ping_status":"open","sticky":false,"template":"","format":"standard","meta":{"footnotes":""},"categories":[17],"tags":[],"class_list":["post-199396","post","type-post","status-publish","format-standard","hentry","category-deportes"],"_links":{"self":[{"href":"https:\/\/diariodominicano.com\/index.php?rest_route=\/wp\/v2\/posts\/199396","targetHints":{"allow":["GET"]}}],"collection":[{"href":"https:\/\/diariodominicano.com\/index.php?rest_route=\/wp\/v2\/posts"}],"about":[{"href":"https:\/\/diariodominicano.com\/index.php?rest_route=\/wp\/v2\/types\/post"}],"author":[{"embeddable":true,"href":"https:\/\/diariodominicano.com\/index.php?rest_route=\/wp\/v2\/users\/3"}],"replies":[{"embeddable":true,"href":"https:\/\/diariodominicano.com\/index.php?rest_route=%2Fwp%2Fv2%2Fcomments&post=199396"}],"version-history":[{"count":0,"href":"https:\/\/diariodominicano.com\/index.php?rest_route=\/wp\/v2\/posts\/199396\/revisions"}],"wp:attachment":[{"href":"https:\/\/diariodominicano.com\/index.php?rest_route=%2Fwp%2Fv2%2Fmedia&parent=199396"}],"wp:term":[{"taxonomy":"category","embeddable":true,"href":"https:\/\/diariodominicano.com\/index.php?rest_route=%2Fwp%2Fv2%2Fcategories&post=199396"},{"taxonomy":"post_tag","embeddable":true,"href":"https:\/\/diariodominicano.com\/index.php?rest_route=%2Fwp%2Fv2%2Ftags&post=199396"}],"curies":[{"name":"wp","href":"https:\/\/api.w.org\/{rel}","templated":true}]}}