{"id":199394,"date":"2014-12-06T15:20:49","date_gmt":"2014-12-06T15:20:49","guid":{"rendered":"http:\/\/diariodominicano.ddns.net\/?p=199394"},"modified":"2014-12-06T15:20:49","modified_gmt":"2014-12-06T15:20:49","slug":"una-fiesta-deportiva-escolar-vivio-el-centro-olimpico-con-560-atletas","status":"publish","type":"post","link":"https:\/\/diariodominicano.com\/?p=199394","title":{"rendered":"Una Fiesta Deportiva Escolar vivi\u00f3 el Centro Ol\u00edmpico con 560 atletas"},"content":{"rendered":"<p><body><\/p>\n<p><img decoding=\"async\" src=\"img3\/atletismo.jpg\" \/>  <\/p>\n<p><span class=\"text1noticias\">Santo Domingo, RD, 6 de Diciembre.-El Centro Ol\u00edmpico vivi\u00f3 \u00abuna verdadera Fiesta Deportiva Escolar\u00bb con la celebraci\u00f3n de un Campamento de Balonmano, la Copa de Atletismo Mariely S\u00e1nchez y el Torneo Intercolegial de Voleibol, en ambas ramas, donde accionaron m\u00e1s de 560 atletas escolares de diferentes provincias del pa\u00eds y del Gran Santo Domingo. <\/span><\/p>\n<\/p>\n<p><span class=\"text1noticias\">En el Campamento de Balonmano Nagua, que organiza el Ministerio de Deportes, toman parte atletas escolares de las comunidades de La Cumbre, Haina, Villa Altagracia, Quita Sue\u00f1o, Saman\u00e1 y Santo Domingo para la captaci\u00f3n de nuevos talentos y fomento de ese deporte.<\/span><\/p>\n<\/p>\n<p><span class=\"text1noticias\">\u00abEsta captaci\u00f3n de talentos escolares es lo que seguir\u00e1 permitiendo que nuevos valores salgan de las escuelas p\u00fablicas, liceos y colegios para luego ir a las escuelas t\u00e9cnicas especializadas como lo tiene el voleibol, el karate, tae kwondo, el baloncesto, entre otros\u00bb, dijo el Ministro de Deportes, doctor Jaime David Fern\u00e1ndez Mirabal, quien estuvo supervisando la celebraci\u00f3n de las tres actividades.<\/span><\/p>\n<\/p>\n<p><span class=\"text1noticias\">Subray\u00f3 que la actividad del torneo de los campeones del Intercolegial de voleibol result\u00f3 ser todo un \u00e9xito.<\/span><\/p>\n<\/p>\n<p><span class=\"text1noticias\">Manifest\u00f3 que el deporte no debe medirse solo en medallas, el deporte debe medirse en la cantidad de personas que participan.<\/span><\/p>\n<\/p>\n<p><span class=\"text1noticias\">\u00abLa masificaci\u00f3n es el Norte a seguir porque de ah\u00ed saldr\u00e1n los grandes talentos que estar\u00e1n representando la bandera nacional en los futuros eventos internacionales del Ciclo Ol\u00edmpico\u00bb,precis\u00f3 el doctor Jaime David Fern\u00e1ndez Mirabal.<\/span><\/p>\n<\/p>\n<p><span class=\"text1noticias\">Explic\u00f3 que le dio mucho gusto ver a cientos de atletas competir en la Copa de Atletismo \u00abMariely S\u00e1nchez\u00bb, una atleta ol\u00edmpica, donde accionan atletas escolares de m\u00e1s 30 colegios y escuelas p\u00fablicas.<\/span><\/p>\n<p><span class=\"text1noticias\">\u00abEstuvieron compitiendo en las modalidades de 100, 200, 400, 800 metros, y en los saltos\u00bb, adujo.<\/span><\/p>\n<p><span class=\"text1noticias\">Luego que concluy\u00f3 la jornada matutina, los alumnos.(HG)<\/span>.<\/p>\n<h6> 2014-12-06 15:20:49 <\/h6>\n<p><!--\n<link rel=\"stylesheet\" href=\"css\/bootstrap.min.css\">\n\n\n<ul class=\"pagination\">\n\t    \n\t\n\n<li >\n\t<a href='?page_no=15900'>Previous<\/a>\n\t<\/li>\n\n\n       \n    \n\n<li><a href='?page_no=1'>1<\/a><\/li>\n\n\n\n<li><a href='?page_no=2'>2<\/a><\/li>\n\n\n\n<li><a>...<\/a><\/li>\n\n\n\n<li><a href='?page_no=15899'>15899<\/a><\/li>\n\n\n\n<li><a href='?page_no=15900'>15900<\/a><\/li>\n\n\n\n<li class='active'><a>15901<\/a><\/li>\n\n\n\n<li><a href='?page_no=15902'>15902<\/a><\/li>\n\n\n\n<li><a href='?page_no=15903'>15903<\/a><\/li>\n\n\n\n<li><a>...<\/a><\/li>\n\n\n\n<li><a href='?page_no=36618'>36618<\/a><\/li>\n\n\n\n<li><a href='?page_no=36619'>36619<\/a><\/li>\n\n    \n\t\n\n<li >\n\t<a href='?page_no=15902'>Next<\/a>\n\t<\/li>\n\n\n    \n\n<li><a href='?page_no=36619'>Last &rsaquo;&rsaquo;<\/a><\/li>\n\n<\/ul>\n\n\n--><br \/>\n<\/body><\/p>\n","protected":false},"excerpt":{"rendered":"<p>Santo Domingo, RD, 6 de Diciembre.-El Centro Ol\u00edmpico vivi\u00f3 \u00abuna verdadera Fiesta Deportiva Escolar\u00bb con la celebraci\u00f3n de un Campamento de Balonmano, la Copa de Atletismo Mariely S\u00e1nchez y el Torneo Intercolegial de Voleibol, en ambas ramas, donde accionaron m\u00e1s de 560 atletas escolares de diferentes provincias del pa\u00eds y del Gran Santo Domingo. En [&hellip;]<\/p>\n","protected":false},"author":3,"featured_media":0,"comment_status":"open","ping_status":"open","sticky":false,"template":"","format":"standard","meta":{"footnotes":""},"categories":[17],"tags":[],"class_list":["post-199394","post","type-post","status-publish","format-standard","hentry","category-deportes"],"_links":{"self":[{"href":"https:\/\/diariodominicano.com\/index.php?rest_route=\/wp\/v2\/posts\/199394","targetHints":{"allow":["GET"]}}],"collection":[{"href":"https:\/\/diariodominicano.com\/index.php?rest_route=\/wp\/v2\/posts"}],"about":[{"href":"https:\/\/diariodominicano.com\/index.php?rest_route=\/wp\/v2\/types\/post"}],"author":[{"embeddable":true,"href":"https:\/\/diariodominicano.com\/index.php?rest_route=\/wp\/v2\/users\/3"}],"replies":[{"embeddable":true,"href":"https:\/\/diariodominicano.com\/index.php?rest_route=%2Fwp%2Fv2%2Fcomments&post=199394"}],"version-history":[{"count":0,"href":"https:\/\/diariodominicano.com\/index.php?rest_route=\/wp\/v2\/posts\/199394\/revisions"}],"wp:attachment":[{"href":"https:\/\/diariodominicano.com\/index.php?rest_route=%2Fwp%2Fv2%2Fmedia&parent=199394"}],"wp:term":[{"taxonomy":"category","embeddable":true,"href":"https:\/\/diariodominicano.com\/index.php?rest_route=%2Fwp%2Fv2%2Fcategories&post=199394"},{"taxonomy":"post_tag","embeddable":true,"href":"https:\/\/diariodominicano.com\/index.php?rest_route=%2Fwp%2Fv2%2Ftags&post=199394"}],"curies":[{"name":"wp","href":"https:\/\/api.w.org\/{rel}","templated":true}]}}