{"id":199389,"date":"2014-12-07T08:54:09","date_gmt":"2014-12-07T08:54:09","guid":{"rendered":"http:\/\/diariodominicano.ddns.net\/?p=199389"},"modified":"2014-12-07T08:54:09","modified_gmt":"2014-12-07T08:54:09","slug":"peralta-el-presidente-medina-continuara-respaldando-los-deportes","status":"publish","type":"post","link":"https:\/\/diariodominicano.com\/?p=199389","title":{"rendered":"&#13; Peralta: el presidente Medina continuar\u00e1 respaldando los deportes"},"content":{"rendered":"<p><body><\/p>\n<p><img decoding=\"async\" src=\"img3\/peralta.jpg\" \/>  <\/p>\n<p><span class=\"text1noticias\">Santo Domingo, RD, 7 de Diciembre.-El ministro Administrativo de la Presidencia, licenciado Jos\u00e9 Ram\u00f3n Peralta asegur\u00f3 que el gobierno de Danilo Medina continuar\u00e1 respaldando los deportes en el pa\u00eds, y explic\u00f3 que los jugadores de baloncesto pueden estar seguros que se mantendr\u00e1 el respaldo en eventos nacionales e internacionales.<\/span><\/p>\n<\/p>\n<p><span class=\"text1noticias\">Al recibir en su despacho la selecci\u00f3n nacional de baloncesto en representaci\u00f3n del presidente Danilo Medina, el ministro Administrativo de la Presidencia dijo que el mandatario es el primer interesado en el fomento, progreso y desarrollo en el pa\u00eds del basketball.<\/span><\/p>\n<p><span class=\"text1noticias\"> <\/span><\/p>\n<p><span class=\"text1noticias\">Se\u00f1al\u00f3 que incluso en las escuelas que se est\u00e1n construyendo llevan canchas para la pr\u00e1ctica de baloncesto y voleibol, y tambi\u00e9n tienen espacio suficiente para otros deportes.<\/span><\/p>\n<\/p>\n<p><span class=\"text1noticias\">Peralta felicit\u00f3 a los miembros de la selecci\u00f3n nacional de baloncesto a nombre del presidente Medina y del Gobierno por la obtenci\u00f3n de la medalla de oro en los Juegos Centroamericanos y del Caribe Vera Cruz 2014, y la exhort\u00f3 a continuar cosechando \u00e9xitos en el plano internacional porque tambi\u00e9n son del pa\u00eds.<\/span><\/p>\n<\/p>\n<p><span class=\"text1noticias\">Sostuvo que esa medalla sirve de orgullo al pueblo dominicano y viene a incentivar a ni\u00f1os y a j\u00f3venes a integrarse a practicar baloncesto en el pa\u00eds.<\/span><\/p>\n<\/p>\n<p><span class=\"text1noticias\">La selecci\u00f3n nacional de baloncesto fue presentada por el periodista Leo Corpor\u00e1n, editor deportivo del peri\u00f3dico El Nacional, cuyos integrantes obsequiaron al ministro Administrativo de la Presidencia la medalla de oro obtenida, para que se la haga llegar al Presidente Medina, dos franelas y una bola autografiadas.<\/span><\/p>\n<\/p>\n<p><span class=\"text1noticias\">El periodista Corpor\u00e1n di\u00f3 las gracias al funcionario por recibir a los jugadores de baloncesto, quienes pronunciaron el slogan \u00abdominicanos somos\u00bb, bajo el cual desarrollaron los partidos durante su participaci\u00f3n en el evento Vera Cruz, M\u00e9xico.<\/span><\/p>\n<\/p>\n<p><span class=\"text1noticias\">La delegaci\u00f3n agradeci\u00f3 al presidente de la Rep\u00fablica el apoyo dado para que pudieran participar en los Juegos Centroamericanos y del Caribe Vera Cruz 2014.<\/span><\/p>\n<\/p>\n<p><span class=\"text1noticias\"> <\/span><\/p>\n<h6> 2014-12-07 08:54:09 <\/h6>\n<p><!--\n<link rel=\"stylesheet\" href=\"css\/bootstrap.min.css\">\n\n\n<ul class=\"pagination\">\n\t    \n\t\n\n<li >\n\t<a href='?page_no=15897'>Previous<\/a>\n\t<\/li>\n\n\n       \n    \n\n<li><a href='?page_no=1'>1<\/a><\/li>\n\n\n\n<li><a href='?page_no=2'>2<\/a><\/li>\n\n\n\n<li><a>...<\/a><\/li>\n\n\n\n<li><a href='?page_no=15896'>15896<\/a><\/li>\n\n\n\n<li><a href='?page_no=15897'>15897<\/a><\/li>\n\n\n\n<li class='active'><a>15898<\/a><\/li>\n\n\n\n<li><a href='?page_no=15899'>15899<\/a><\/li>\n\n\n\n<li><a href='?page_no=15900'>15900<\/a><\/li>\n\n\n\n<li><a>...<\/a><\/li>\n\n\n\n<li><a href='?page_no=36618'>36618<\/a><\/li>\n\n\n\n<li><a href='?page_no=36619'>36619<\/a><\/li>\n\n    \n\t\n\n<li >\n\t<a href='?page_no=15899'>Next<\/a>\n\t<\/li>\n\n\n    \n\n<li><a href='?page_no=36619'>Last &rsaquo;&rsaquo;<\/a><\/li>\n\n<\/ul>\n\n\n--><br \/>\n<\/body><\/p>\n","protected":false},"excerpt":{"rendered":"<p>Santo Domingo, RD, 7 de Diciembre.-El ministro Administrativo de la Presidencia, licenciado Jos\u00e9 Ram\u00f3n Peralta asegur\u00f3 que el gobierno de Danilo Medina continuar\u00e1 respaldando los deportes en el pa\u00eds, y explic\u00f3 que los jugadores de baloncesto pueden estar seguros que se mantendr\u00e1 el respaldo en eventos nacionales e internacionales. Al recibir en su despacho la [&hellip;]<\/p>\n","protected":false},"author":3,"featured_media":0,"comment_status":"open","ping_status":"open","sticky":false,"template":"","format":"standard","meta":{"footnotes":""},"categories":[17],"tags":[],"class_list":["post-199389","post","type-post","status-publish","format-standard","hentry","category-deportes"],"_links":{"self":[{"href":"https:\/\/diariodominicano.com\/index.php?rest_route=\/wp\/v2\/posts\/199389","targetHints":{"allow":["GET"]}}],"collection":[{"href":"https:\/\/diariodominicano.com\/index.php?rest_route=\/wp\/v2\/posts"}],"about":[{"href":"https:\/\/diariodominicano.com\/index.php?rest_route=\/wp\/v2\/types\/post"}],"author":[{"embeddable":true,"href":"https:\/\/diariodominicano.com\/index.php?rest_route=\/wp\/v2\/users\/3"}],"replies":[{"embeddable":true,"href":"https:\/\/diariodominicano.com\/index.php?rest_route=%2Fwp%2Fv2%2Fcomments&post=199389"}],"version-history":[{"count":0,"href":"https:\/\/diariodominicano.com\/index.php?rest_route=\/wp\/v2\/posts\/199389\/revisions"}],"wp:attachment":[{"href":"https:\/\/diariodominicano.com\/index.php?rest_route=%2Fwp%2Fv2%2Fmedia&parent=199389"}],"wp:term":[{"taxonomy":"category","embeddable":true,"href":"https:\/\/diariodominicano.com\/index.php?rest_route=%2Fwp%2Fv2%2Fcategories&post=199389"},{"taxonomy":"post_tag","embeddable":true,"href":"https:\/\/diariodominicano.com\/index.php?rest_route=%2Fwp%2Fv2%2Ftags&post=199389"}],"curies":[{"name":"wp","href":"https:\/\/api.w.org\/{rel}","templated":true}]}}