{"id":199384,"date":"2014-12-08T16:07:33","date_gmt":"2014-12-08T16:07:33","guid":{"rendered":"http:\/\/diariodominicano.ddns.net\/?p=199384"},"modified":"2014-12-08T16:07:33","modified_gmt":"2014-12-08T16:07:33","slug":"pide-al-cod-y-federaciones-asumir-con-mas-firmeza-el-fomento-del-deporte","status":"publish","type":"post","link":"https:\/\/diariodominicano.com\/?p=199384","title":{"rendered":"Pide al COD y Federaciones asumir con m\u00e1s firmeza el fomento del deporte"},"content":{"rendered":"<p><body><\/p>\n<p><img decoding=\"async\" src=\"img3\/jaime.jpg\" \/>  <\/p>\n<p><span class=\"text1noticias\">Santo Domingo, RD, 8 de diciembre.- El ministro de Deportes, doctor Jaime David Fern\u00e1ndez Mirabal hizo un ferviente llamado al Comit\u00e9 Ol\u00edmpico Dominicano y a las Federaciones Deportivas Nacionales a fortalecer con m\u00e1s firmeza el fomento del deporte y adelant\u00f3 que, \u00abtodos debemos abrazar el Plan Nacional de Desarrollo Deportivo que se implementar\u00e1 en el a\u00f1o 2015\u00bb.<\/span><\/p>\n<\/p>\n<p><span class=\"text1noticias\">Sus afirmaciones las extern\u00f3 al supervisar durante todo este fin de semana varias actividades deportivas donde se involucraron m\u00e1s de 600 atletas escolares en los deportes de voleibol, balonmano y atletismo en el Centro Ol\u00edmpico.<\/span><\/p>\n<\/p>\n<p><span class=\"text1noticias\">\u00abEs hora de fortalecer el area de fomento en el deportes, ya que he recibido algunos reportes de que algunos de los atletas que accionaron en los Juegos de Veracruz est\u00e1n acusando cansancio f\u00edsico y es hora de buscar los nuevos talentos que les sustituir\u00e1n en el futuro\u00bb, adujo.<\/span><\/p>\n<\/p>\n<p><span class=\"text1noticias\">Reafirm\u00f3 el fin de semana que durante su gesti\u00f3n, una de las principales prioridades es y ser\u00e1 el deporte escolar.<\/span><\/p>\n<\/p>\n<p><span class=\"text1noticias\">\u00abEl trabajo en conjunto entre los ministerios de Educaci\u00f3n y de Deportes, as\u00ed como el apoyo del Instituto Nacional de Educaci\u00f3n F\u00edsica (INEFI) y las diferentes organizaciones de la sociedad, es la mejor muestra del inter\u00e9s en mantener firme el desarrollo de la juventud y del deporte\u00bb, adujo el ministro.<\/span><\/p>\n<\/p>\n<p><span class=\"text1noticias\">Agreg\u00f3 que el Ministerio de Educaci\u00f3n est\u00e1 asumiendo a los j\u00f3venes que se est\u00e1n graduando de los diplomados que ha preparado el Ministerio de Deportes en coordinaci\u00f3n con las diferentes Universidades del pa\u00eds, lo cual asegur\u00f3 que, \u00abes un gran paso de avance\u00bb.(HG)<\/span>.<\/p>\n<h6> 2014-12-08 16:07:33 <\/h6>\n<p><!--\n<link rel=\"stylesheet\" href=\"css\/bootstrap.min.css\">\n\n\n<ul class=\"pagination\">\n\t    \n\t\n\n<li >\n\t<a href='?page_no=15892'>Previous<\/a>\n\t<\/li>\n\n\n       \n    \n\n<li><a href='?page_no=1'>1<\/a><\/li>\n\n\n\n<li><a href='?page_no=2'>2<\/a><\/li>\n\n\n\n<li><a>...<\/a><\/li>\n\n\n\n<li><a href='?page_no=15891'>15891<\/a><\/li>\n\n\n\n<li><a href='?page_no=15892'>15892<\/a><\/li>\n\n\n\n<li class='active'><a>15893<\/a><\/li>\n\n\n\n<li><a href='?page_no=15894'>15894<\/a><\/li>\n\n\n\n<li><a href='?page_no=15895'>15895<\/a><\/li>\n\n\n\n<li><a>...<\/a><\/li>\n\n\n\n<li><a href='?page_no=36618'>36618<\/a><\/li>\n\n\n\n<li><a href='?page_no=36619'>36619<\/a><\/li>\n\n    \n\t\n\n<li >\n\t<a href='?page_no=15894'>Next<\/a>\n\t<\/li>\n\n\n    \n\n<li><a href='?page_no=36619'>Last &rsaquo;&rsaquo;<\/a><\/li>\n\n<\/ul>\n\n\n--><br \/>\n<\/body><\/p>\n","protected":false},"excerpt":{"rendered":"<p>Santo Domingo, RD, 8 de diciembre.- El ministro de Deportes, doctor Jaime David Fern\u00e1ndez Mirabal hizo un ferviente llamado al Comit\u00e9 Ol\u00edmpico Dominicano y a las Federaciones Deportivas Nacionales a fortalecer con m\u00e1s firmeza el fomento del deporte y adelant\u00f3 que, \u00abtodos debemos abrazar el Plan Nacional de Desarrollo Deportivo que se implementar\u00e1 en el [&hellip;]<\/p>\n","protected":false},"author":3,"featured_media":0,"comment_status":"open","ping_status":"open","sticky":false,"template":"","format":"standard","meta":{"footnotes":""},"categories":[17],"tags":[],"class_list":["post-199384","post","type-post","status-publish","format-standard","hentry","category-deportes"],"_links":{"self":[{"href":"https:\/\/diariodominicano.com\/index.php?rest_route=\/wp\/v2\/posts\/199384","targetHints":{"allow":["GET"]}}],"collection":[{"href":"https:\/\/diariodominicano.com\/index.php?rest_route=\/wp\/v2\/posts"}],"about":[{"href":"https:\/\/diariodominicano.com\/index.php?rest_route=\/wp\/v2\/types\/post"}],"author":[{"embeddable":true,"href":"https:\/\/diariodominicano.com\/index.php?rest_route=\/wp\/v2\/users\/3"}],"replies":[{"embeddable":true,"href":"https:\/\/diariodominicano.com\/index.php?rest_route=%2Fwp%2Fv2%2Fcomments&post=199384"}],"version-history":[{"count":0,"href":"https:\/\/diariodominicano.com\/index.php?rest_route=\/wp\/v2\/posts\/199384\/revisions"}],"wp:attachment":[{"href":"https:\/\/diariodominicano.com\/index.php?rest_route=%2Fwp%2Fv2%2Fmedia&parent=199384"}],"wp:term":[{"taxonomy":"category","embeddable":true,"href":"https:\/\/diariodominicano.com\/index.php?rest_route=%2Fwp%2Fv2%2Fcategories&post=199384"},{"taxonomy":"post_tag","embeddable":true,"href":"https:\/\/diariodominicano.com\/index.php?rest_route=%2Fwp%2Fv2%2Ftags&post=199384"}],"curies":[{"name":"wp","href":"https:\/\/api.w.org\/{rel}","templated":true}]}}