{"id":199373,"date":"2014-12-09T16:41:30","date_gmt":"2014-12-09T16:41:30","guid":{"rendered":"http:\/\/diariodominicano.ddns.net\/?p=199373"},"modified":"2014-12-09T16:41:30","modified_gmt":"2014-12-09T16:41:30","slug":"liriano-renueva-con-los-piratas-por-tres-temporadas","status":"publish","type":"post","link":"https:\/\/diariodominicano.com\/?p=199373","title":{"rendered":"Liriano renueva con los Piratas por tres temporadas"},"content":{"rendered":"<p><body><\/p>\n<p><img decoding=\"async\" src=\"img3\/liriano.jpg\" \/>  <\/p>\n<p><span class=\"text1noticias\">SAN DIEGO, California, EE.UU., 9 de Diciembre.- Seg\u00fan varios informes, el dominicano Francisco Liriano ha renovado con los Piratas por tres a\u00f1os y US$39 millones.<\/span><\/p>\n<\/p>\n<p><span class=\"text1noticias\">El zurdo veterano tuvo marca de 7-10 con efectividad de 3.38 en 29 aperturas en el 2014 por Pittsburgh. En 162.1 entradas de labor, ponch\u00f3 a 175 bateadores y permiti\u00f3 apenas 0.7 jonr\u00f3n por cada nueve innings.<\/span><\/p>\n<\/p>\n<p><span class=\"text1noticias\">Liriano, de 31 a\u00f1os, brill\u00f3 con los Piratas en el 2013, cuando tuvo r\u00e9cord de 16-8 y promedio de carreras limpias de 3.02.<\/span><\/p>\n<\/p>\n<p><span class=\"text1noticias\">De por vida en nueve temporadas de Grandes Ligas con los Mellizos, Medias Blancas y Piratas, el oriundo de San Crist\u00f3bal, R.D. lleva 76-72 con 4.07 en 223 presentaciones, 196 de ellas aperturas.(HG)<\/span>.<\/p>\n<h6> 2014-12-09 16:41:30 <\/h6>\n<p><!--\n<link rel=\"stylesheet\" href=\"css\/bootstrap.min.css\">\n\n\n<ul class=\"pagination\">\n\t    \n\t\n\n<li >\n\t<a href='?page_no=15882'>Previous<\/a>\n\t<\/li>\n\n\n       \n    \n\n<li><a href='?page_no=1'>1<\/a><\/li>\n\n\n\n<li><a href='?page_no=2'>2<\/a><\/li>\n\n\n\n<li><a>...<\/a><\/li>\n\n\n\n<li><a href='?page_no=15881'>15881<\/a><\/li>\n\n\n\n<li><a href='?page_no=15882'>15882<\/a><\/li>\n\n\n\n<li class='active'><a>15883<\/a><\/li>\n\n\n\n<li><a href='?page_no=15884'>15884<\/a><\/li>\n\n\n\n<li><a href='?page_no=15885'>15885<\/a><\/li>\n\n\n\n<li><a>...<\/a><\/li>\n\n\n\n<li><a href='?page_no=36618'>36618<\/a><\/li>\n\n\n\n<li><a href='?page_no=36619'>36619<\/a><\/li>\n\n    \n\t\n\n<li >\n\t<a href='?page_no=15884'>Next<\/a>\n\t<\/li>\n\n\n    \n\n<li><a href='?page_no=36619'>Last &rsaquo;&rsaquo;<\/a><\/li>\n\n<\/ul>\n\n\n--><br \/>\n<\/body><\/p>\n","protected":false},"excerpt":{"rendered":"<p>SAN DIEGO, California, EE.UU., 9 de Diciembre.- Seg\u00fan varios informes, el dominicano Francisco Liriano ha renovado con los Piratas por tres a\u00f1os y US$39 millones. El zurdo veterano tuvo marca de 7-10 con efectividad de 3.38 en 29 aperturas en el 2014 por Pittsburgh. En 162.1 entradas de labor, ponch\u00f3 a 175 bateadores y permiti\u00f3 [&hellip;]<\/p>\n","protected":false},"author":3,"featured_media":0,"comment_status":"open","ping_status":"open","sticky":false,"template":"","format":"standard","meta":{"footnotes":""},"categories":[17],"tags":[],"class_list":["post-199373","post","type-post","status-publish","format-standard","hentry","category-deportes"],"_links":{"self":[{"href":"https:\/\/diariodominicano.com\/index.php?rest_route=\/wp\/v2\/posts\/199373","targetHints":{"allow":["GET"]}}],"collection":[{"href":"https:\/\/diariodominicano.com\/index.php?rest_route=\/wp\/v2\/posts"}],"about":[{"href":"https:\/\/diariodominicano.com\/index.php?rest_route=\/wp\/v2\/types\/post"}],"author":[{"embeddable":true,"href":"https:\/\/diariodominicano.com\/index.php?rest_route=\/wp\/v2\/users\/3"}],"replies":[{"embeddable":true,"href":"https:\/\/diariodominicano.com\/index.php?rest_route=%2Fwp%2Fv2%2Fcomments&post=199373"}],"version-history":[{"count":0,"href":"https:\/\/diariodominicano.com\/index.php?rest_route=\/wp\/v2\/posts\/199373\/revisions"}],"wp:attachment":[{"href":"https:\/\/diariodominicano.com\/index.php?rest_route=%2Fwp%2Fv2%2Fmedia&parent=199373"}],"wp:term":[{"taxonomy":"category","embeddable":true,"href":"https:\/\/diariodominicano.com\/index.php?rest_route=%2Fwp%2Fv2%2Fcategories&post=199373"},{"taxonomy":"post_tag","embeddable":true,"href":"https:\/\/diariodominicano.com\/index.php?rest_route=%2Fwp%2Fv2%2Ftags&post=199373"}],"curies":[{"name":"wp","href":"https:\/\/api.w.org\/{rel}","templated":true}]}}