{"id":199368,"date":"2014-12-10T07:34:28","date_gmt":"2014-12-10T07:34:28","guid":{"rendered":"http:\/\/diariodominicano.ddns.net\/?p=199368"},"modified":"2014-12-10T07:34:28","modified_gmt":"2014-12-10T07:34:28","slug":"anuncian-copa-esmeralda-reunira-mejores-boxeadores-region","status":"publish","type":"post","link":"https:\/\/diariodominicano.com\/?p=199368","title":{"rendered":"Anuncian Copa Esmeralda reunir\u00e1 mejores boxeadores regi\u00f3n"},"content":{"rendered":"<p><body><\/p>\n<p><img decoding=\"async\" src=\"img3\/boxeo 10.jpg\" \/>  <\/p>\n<p>Sabana Grande de Boy\u00e1, RD 10 diciembre.-  La segunda edici\u00f3n de la Copa Esmeralda de Boxeo ser\u00e1 inaugurada el pr\u00f3ximo viernes en el polideportivo de este municipio.<\/p>\n<\/p>\n<p>El anuncio fue hecho en el marco de una rueda de prensa celebrada en el Ayuntamiento de aqu\u00ed, la cual fue encabezada por la alcaldesa, doctora Bertilia Fern\u00e1ndez y por el secretario general de la Asociaci\u00f3n de Boxeo de Monte Plata, Humberto Vilchez.<\/p>\n<\/p>\n<p>\u00abEn esta ocasi\u00f3n, con el mismo entusiasmo de siempre, Sabana Grande de Boy\u00e1 est\u00e1 lista para recibir a los visitantes\u00bb, declar\u00f3 Fern\u00e1ndez.<\/p>\n<\/p>\n<p>La justa reunir\u00e1 boxeadores de los diferentes municipios que conforman la provincia Monte Plata.<\/p>\n<p>\u00abDesde el viernes se inicia la fiesta del boxeo con la participaci\u00f3n de boxeadores de Monte Plata, Bayaguana, Yamas\u00e1 y Sabana Grande de Boy\u00e1\u00bb, agreg\u00f3.<\/p>\n<\/p>\n<p>La Copa Esmeralda de Boxeo inicia el viernes, con un acto de apertura previsto para las cinco de la tarde y se extender\u00e1 hasta el domingo, cuando est\u00e1 programada la cartelera final, por las medallas de oro.<\/p>\n<\/p>\n<p>Se competir\u00e1 en categor\u00edas infantil, juvenil y superior, de acuerdo con lo expuesto por Vilchez, de la Asociaci\u00f3n de Boxeo local.<\/p>\n<\/p>\n<p>Aunque el acto de apertura est\u00e1 previsto para las cinco de la tarde del pr\u00f3ximo viernes, el desfile de las delegaciones participantes tendr\u00e1 como punto de partida el parque municipal.<\/p>\n<p>\u00abSe ha preparado un bonito acto de apertura, que incluye algunas sorpresas\u00bb, insisti\u00f3 la alcaldesa Bertilia Fern\u00e1ndez.<\/p>\n<\/p>\n<p>El encuentro con la prensa, celebrado en el sal\u00f3n de conferencias del Ayuntamiento local, cont\u00f3 con una concurrida asistencia. Entre los presentes, Mangino Luis Reyes, Milagros S\u00e1nchez, Randy Cadete, Danny S\u00e1nchez, Juan Amparo, Rom\u00e1n Vilchez y Antol\u00edn Aquino.<\/p>\n<\/p>\n<p>La llegada de las delegaciones est\u00e1 prevista para el jueves, en horas de la tarde.<\/p>\n<\/p>\n<p>Se recuerda que la primera edici\u00f3n del evento fue ganada por Sabana Grande de Boy\u00e0.<\/p>\n<\/p>\n<p>La Copa Esmeralda es la antesala de la Copa Internacional Ruddy Zapata, que re\u00fane boxeadores de Estados Unidos, Cuba, Brasil, Puerto Rico, Ecuador, Hait\u00ed, entre otros, adem\u00e1s de Rep\u00fablica Dominicana.<\/p>\n<\/p>\n<p>of-am<\/p>\n<h6> 2014-12-10 07:34:28 <\/h6>\n<p><!--\n<link rel=\"stylesheet\" href=\"css\/bootstrap.min.css\">\n\n\n<ul class=\"pagination\">\n\t    \n\t\n\n<li >\n\t<a href='?page_no=15878'>Previous<\/a>\n\t<\/li>\n\n\n       \n    \n\n<li><a href='?page_no=1'>1<\/a><\/li>\n\n\n\n<li><a href='?page_no=2'>2<\/a><\/li>\n\n\n\n<li><a>...<\/a><\/li>\n\n\n\n<li><a href='?page_no=15877'>15877<\/a><\/li>\n\n\n\n<li><a href='?page_no=15878'>15878<\/a><\/li>\n\n\n\n<li class='active'><a>15879<\/a><\/li>\n\n\n\n<li><a href='?page_no=15880'>15880<\/a><\/li>\n\n\n\n<li><a href='?page_no=15881'>15881<\/a><\/li>\n\n\n\n<li><a>...<\/a><\/li>\n\n\n\n<li><a href='?page_no=36618'>36618<\/a><\/li>\n\n\n\n<li><a href='?page_no=36619'>36619<\/a><\/li>\n\n    \n\t\n\n<li >\n\t<a href='?page_no=15880'>Next<\/a>\n\t<\/li>\n\n\n    \n\n<li><a href='?page_no=36619'>Last &rsaquo;&rsaquo;<\/a><\/li>\n\n<\/ul>\n\n\n--><br \/>\n<\/body><\/p>\n","protected":false},"excerpt":{"rendered":"<p>Sabana Grande de Boy\u00e1, RD 10 diciembre.- La segunda edici\u00f3n de la Copa Esmeralda de Boxeo ser\u00e1 inaugurada el pr\u00f3ximo viernes en el polideportivo de este municipio. El anuncio fue hecho en el marco de una rueda de prensa celebrada en el Ayuntamiento de aqu\u00ed, la cual fue encabezada por la alcaldesa, doctora Bertilia Fern\u00e1ndez [&hellip;]<\/p>\n","protected":false},"author":3,"featured_media":0,"comment_status":"open","ping_status":"open","sticky":false,"template":"","format":"standard","meta":{"footnotes":""},"categories":[17],"tags":[],"class_list":["post-199368","post","type-post","status-publish","format-standard","hentry","category-deportes"],"_links":{"self":[{"href":"https:\/\/diariodominicano.com\/index.php?rest_route=\/wp\/v2\/posts\/199368","targetHints":{"allow":["GET"]}}],"collection":[{"href":"https:\/\/diariodominicano.com\/index.php?rest_route=\/wp\/v2\/posts"}],"about":[{"href":"https:\/\/diariodominicano.com\/index.php?rest_route=\/wp\/v2\/types\/post"}],"author":[{"embeddable":true,"href":"https:\/\/diariodominicano.com\/index.php?rest_route=\/wp\/v2\/users\/3"}],"replies":[{"embeddable":true,"href":"https:\/\/diariodominicano.com\/index.php?rest_route=%2Fwp%2Fv2%2Fcomments&post=199368"}],"version-history":[{"count":0,"href":"https:\/\/diariodominicano.com\/index.php?rest_route=\/wp\/v2\/posts\/199368\/revisions"}],"wp:attachment":[{"href":"https:\/\/diariodominicano.com\/index.php?rest_route=%2Fwp%2Fv2%2Fmedia&parent=199368"}],"wp:term":[{"taxonomy":"category","embeddable":true,"href":"https:\/\/diariodominicano.com\/index.php?rest_route=%2Fwp%2Fv2%2Fcategories&post=199368"},{"taxonomy":"post_tag","embeddable":true,"href":"https:\/\/diariodominicano.com\/index.php?rest_route=%2Fwp%2Fv2%2Ftags&post=199368"}],"curies":[{"name":"wp","href":"https:\/\/api.w.org\/{rel}","templated":true}]}}