{"id":199367,"date":"2014-12-10T07:38:07","date_gmt":"2014-12-10T07:38:07","guid":{"rendered":"http:\/\/diariodominicano.ddns.net\/?p=199367"},"modified":"2014-12-10T07:38:07","modified_gmt":"2014-12-10T07:38:07","slug":"federacion-de-ajedrez-anuncia-su-torneo-navideno","status":"publish","type":"post","link":"https:\/\/diariodominicano.com\/?p=199367","title":{"rendered":"Federaci\u00f3n de Ajedrez anuncia su torneo navide\u00f1o"},"content":{"rendered":"<p><body><\/p>\n<p><img decoding=\"async\" src=\"img3\/ajedre 10.jpg\" \/>  <\/p>\n<p>Federaci\u00f3n de Ajedrez anuncia su torneo navide\u00f1o<\/p>\n<p>Fernando Moore<\/p>\n<p>Federaci\u00f3n de Ajedrez anuncia su torneo navide\u00f1o<\/p>\n<\/p>\n<p>.-La Federaci\u00f3n Dominicana de Ajedrez inicia este viernes su campeonato nacional navide\u00f1o, con una dedicatoria especial a Fernando Moore, ex presidente de la entidad.<\/p>\n<\/p>\n<p>En ese sentido, Wily Gonz\u00e1lez, presidente de la Federaci\u00f3n de Ajedrez, defini\u00f3 a Moore como un digno representante del juego ciencia.<\/p>\n<\/p>\n<p>Agreg\u00f3 que la dedicatoria del torneo al destacado ajedrecista fue acogida a unanimidad por el Comit\u00e9 Ejecutivo, tras considerar la facultad y prol\u00edfica labor realizada por el licenciado Moore en el desarrollo y fomento del juego ciencia.<\/p>\n<\/p>\n<p>Los detalles del evento fueron ofrecidos por el Lic. Braulio Ram\u00edrez director ejecutivo de la entidad, quien destac\u00f3 que en la justa accionar\u00e1n los mejores jugadores superiores de Rep\u00fablica Dominicana con la participaci\u00f3n de 14 Asociaciones de Ajedrez.<\/p>\n<\/p>\n<p>El evento ser\u00e1 realizado del 12 al 21 de Diciembre, con el siguiente calendario de juego: Viernes 12 y 19 de Diciembre a las 6:30 pm. S\u00e1bados 13 y 20 (Dos Rondas) 1era Ronda 10:00 am; 2da Ronda 5:00 pm y los Domingos 14 y 21 a las 10:00 am.<\/p>\n<\/p>\n<p>La actividad se realizar\u00e1 en la Federaci\u00f3n Dominicana de Ajedrez, Sal\u00f3n Pach\u00f3n Matos Rivera, donde disputar\u00e1n premios en met\u00e1licos para los m\u00e1s destacados.<\/p>\n<\/p>\n<p>La direcci\u00f3n t\u00e9cnica del evento estar\u00e1 a cargo del \u00e1rbitro Fide Rom\u00e1n Jaquez acompa\u00f1ado de Michel de Jes\u00fas y Crisanto Montilla como \u00e1rbitros adjunto.<\/p>\n<h6> 2014-12-10 07:38:07 <\/h6>\n<p><!--\n<link rel=\"stylesheet\" href=\"css\/bootstrap.min.css\">\n\n\n<ul class=\"pagination\">\n\t    \n\t\n\n<li >\n\t<a href='?page_no=15877'>Previous<\/a>\n\t<\/li>\n\n\n       \n    \n\n<li><a href='?page_no=1'>1<\/a><\/li>\n\n\n\n<li><a href='?page_no=2'>2<\/a><\/li>\n\n\n\n<li><a>...<\/a><\/li>\n\n\n\n<li><a href='?page_no=15876'>15876<\/a><\/li>\n\n\n\n<li><a href='?page_no=15877'>15877<\/a><\/li>\n\n\n\n<li class='active'><a>15878<\/a><\/li>\n\n\n\n<li><a href='?page_no=15879'>15879<\/a><\/li>\n\n\n\n<li><a href='?page_no=15880'>15880<\/a><\/li>\n\n\n\n<li><a>...<\/a><\/li>\n\n\n\n<li><a href='?page_no=36618'>36618<\/a><\/li>\n\n\n\n<li><a href='?page_no=36619'>36619<\/a><\/li>\n\n    \n\t\n\n<li >\n\t<a href='?page_no=15879'>Next<\/a>\n\t<\/li>\n\n\n    \n\n<li><a href='?page_no=36619'>Last &rsaquo;&rsaquo;<\/a><\/li>\n\n<\/ul>\n\n\n--><br \/>\n<\/body><\/p>\n","protected":false},"excerpt":{"rendered":"<p>Federaci\u00f3n de Ajedrez anuncia su torneo navide\u00f1o Fernando Moore Federaci\u00f3n de Ajedrez anuncia su torneo navide\u00f1o .-La Federaci\u00f3n Dominicana de Ajedrez inicia este viernes su campeonato nacional navide\u00f1o, con una dedicatoria especial a Fernando Moore, ex presidente de la entidad. En ese sentido, Wily Gonz\u00e1lez, presidente de la Federaci\u00f3n de Ajedrez, defini\u00f3 a Moore como [&hellip;]<\/p>\n","protected":false},"author":3,"featured_media":0,"comment_status":"open","ping_status":"open","sticky":false,"template":"","format":"standard","meta":{"footnotes":""},"categories":[17],"tags":[],"class_list":["post-199367","post","type-post","status-publish","format-standard","hentry","category-deportes"],"_links":{"self":[{"href":"https:\/\/diariodominicano.com\/index.php?rest_route=\/wp\/v2\/posts\/199367","targetHints":{"allow":["GET"]}}],"collection":[{"href":"https:\/\/diariodominicano.com\/index.php?rest_route=\/wp\/v2\/posts"}],"about":[{"href":"https:\/\/diariodominicano.com\/index.php?rest_route=\/wp\/v2\/types\/post"}],"author":[{"embeddable":true,"href":"https:\/\/diariodominicano.com\/index.php?rest_route=\/wp\/v2\/users\/3"}],"replies":[{"embeddable":true,"href":"https:\/\/diariodominicano.com\/index.php?rest_route=%2Fwp%2Fv2%2Fcomments&post=199367"}],"version-history":[{"count":0,"href":"https:\/\/diariodominicano.com\/index.php?rest_route=\/wp\/v2\/posts\/199367\/revisions"}],"wp:attachment":[{"href":"https:\/\/diariodominicano.com\/index.php?rest_route=%2Fwp%2Fv2%2Fmedia&parent=199367"}],"wp:term":[{"taxonomy":"category","embeddable":true,"href":"https:\/\/diariodominicano.com\/index.php?rest_route=%2Fwp%2Fv2%2Fcategories&post=199367"},{"taxonomy":"post_tag","embeddable":true,"href":"https:\/\/diariodominicano.com\/index.php?rest_route=%2Fwp%2Fv2%2Ftags&post=199367"}],"curies":[{"name":"wp","href":"https:\/\/api.w.org\/{rel}","templated":true}]}}