{"id":199356,"date":"2014-12-11T16:01:46","date_gmt":"2014-12-11T16:01:46","guid":{"rendered":"http:\/\/diariodominicano.ddns.net\/?p=199356"},"modified":"2014-12-11T16:01:46","modified_gmt":"2014-12-11T16:01:46","slug":"santana-habria-logrado-acuerdo-de-cuatro-anos-con-minnesota","status":"publish","type":"post","link":"https:\/\/diariodominicano.com\/?p=199356","title":{"rendered":"Santana habr\u00eda logrado acuerdo de cuatro a\u00f1os con Minnesota"},"content":{"rendered":"<p><body><\/p>\n<p><img decoding=\"async\" src=\"img3\/ervin.jpg\" \/>  <\/p>\n<p><span class=\"text1noticias\">SAN DIEGO, California, EE.UU., 11 de Diciembre.-El abridor dominicano Ervin Santana ha pactado por cuatro a\u00f1os y US$54 millones con Minnesota, seg\u00fan una fuente de Grandes Ligas. El contrato incluir\u00eda una opci\u00f3n para una quinta temporada.<\/span><\/p>\n<\/p>\n<p><span class=\"text1noticias\">Minnesota se reuni\u00f3 con los representante de Santana esta semana durante las Reuniones Invernales en San Diego para concretar r\u00e1pidamente el acuerdo. Santana refuerza una rotaci\u00f3n que termin\u00f3 con la peor efectividad en la Gran Carpa por segunda campa\u00f1a consecutiva.<\/span><\/p>\n<\/p>\n<p><span class=\"text1noticias\">El quisqueyano estar\u00eda programado a ganar US$13.5 millones por temporada , seg\u00fan un informe.<\/span><\/p>\n<\/p>\n<p><span class=\"text1noticias\">Santana, quien cumplir\u00e1 32 a\u00f1os de edad este mes, tuvo marca de 14-10 con un promedio de carreras limpias de 3.95 en 31 aperturas con los Bravos en el 2014. Ponch\u00f3 179 bateadores, otorg\u00f3 63 pasaportes y concedi\u00f3 16 jonrones en 196 cap\u00edtulos.(HG)<\/span>.<\/p>\n<h6> 2014-12-11 16:01:46 <\/h6>\n<p><!--\n<link rel=\"stylesheet\" href=\"css\/bootstrap.min.css\">\n\n\n<ul class=\"pagination\">\n\t    \n\t\n\n<li >\n\t<a href='?page_no=15867'>Previous<\/a>\n\t<\/li>\n\n\n       \n    \n\n<li><a href='?page_no=1'>1<\/a><\/li>\n\n\n\n<li><a href='?page_no=2'>2<\/a><\/li>\n\n\n\n<li><a>...<\/a><\/li>\n\n\n\n<li><a href='?page_no=15866'>15866<\/a><\/li>\n\n\n\n<li><a href='?page_no=15867'>15867<\/a><\/li>\n\n\n\n<li class='active'><a>15868<\/a><\/li>\n\n\n\n<li><a href='?page_no=15869'>15869<\/a><\/li>\n\n\n\n<li><a href='?page_no=15870'>15870<\/a><\/li>\n\n\n\n<li><a>...<\/a><\/li>\n\n\n\n<li><a href='?page_no=36618'>36618<\/a><\/li>\n\n\n\n<li><a href='?page_no=36619'>36619<\/a><\/li>\n\n    \n\t\n\n<li >\n\t<a href='?page_no=15869'>Next<\/a>\n\t<\/li>\n\n\n    \n\n<li><a href='?page_no=36619'>Last &rsaquo;&rsaquo;<\/a><\/li>\n\n<\/ul>\n\n\n--><br \/>\n<\/body><\/p>\n","protected":false},"excerpt":{"rendered":"<p>SAN DIEGO, California, EE.UU., 11 de Diciembre.-El abridor dominicano Ervin Santana ha pactado por cuatro a\u00f1os y US$54 millones con Minnesota, seg\u00fan una fuente de Grandes Ligas. El contrato incluir\u00eda una opci\u00f3n para una quinta temporada. Minnesota se reuni\u00f3 con los representante de Santana esta semana durante las Reuniones Invernales en San Diego para concretar [&hellip;]<\/p>\n","protected":false},"author":3,"featured_media":0,"comment_status":"open","ping_status":"open","sticky":false,"template":"","format":"standard","meta":{"footnotes":""},"categories":[17],"tags":[],"class_list":["post-199356","post","type-post","status-publish","format-standard","hentry","category-deportes"],"_links":{"self":[{"href":"https:\/\/diariodominicano.com\/index.php?rest_route=\/wp\/v2\/posts\/199356","targetHints":{"allow":["GET"]}}],"collection":[{"href":"https:\/\/diariodominicano.com\/index.php?rest_route=\/wp\/v2\/posts"}],"about":[{"href":"https:\/\/diariodominicano.com\/index.php?rest_route=\/wp\/v2\/types\/post"}],"author":[{"embeddable":true,"href":"https:\/\/diariodominicano.com\/index.php?rest_route=\/wp\/v2\/users\/3"}],"replies":[{"embeddable":true,"href":"https:\/\/diariodominicano.com\/index.php?rest_route=%2Fwp%2Fv2%2Fcomments&post=199356"}],"version-history":[{"count":0,"href":"https:\/\/diariodominicano.com\/index.php?rest_route=\/wp\/v2\/posts\/199356\/revisions"}],"wp:attachment":[{"href":"https:\/\/diariodominicano.com\/index.php?rest_route=%2Fwp%2Fv2%2Fmedia&parent=199356"}],"wp:term":[{"taxonomy":"category","embeddable":true,"href":"https:\/\/diariodominicano.com\/index.php?rest_route=%2Fwp%2Fv2%2Fcategories&post=199356"},{"taxonomy":"post_tag","embeddable":true,"href":"https:\/\/diariodominicano.com\/index.php?rest_route=%2Fwp%2Fv2%2Ftags&post=199356"}],"curies":[{"name":"wp","href":"https:\/\/api.w.org\/{rel}","templated":true}]}}