{"id":199335,"date":"2014-12-13T11:23:29","date_gmt":"2014-12-13T11:23:29","guid":{"rendered":"http:\/\/diariodominicano.ddns.net\/?p=199335"},"modified":"2014-12-13T11:23:29","modified_gmt":"2014-12-13T11:23:29","slug":"el-abejon-fortuna-peleara-el-22-de-este-mes-en-las-vegas","status":"publish","type":"post","link":"https:\/\/diariodominicano.com\/?p=199335","title":{"rendered":"El Abej\u00f3n Fortuna pelear\u00e1 el 22 de este mes en Las Vegas"},"content":{"rendered":"<p><body><\/p>\n<p><img decoding=\"async\" src=\"img3\/abeja 13.jpg\" \/>  <\/p>\n<p>Santo Domingo RD 13 diciembre.- El ocho de diciembre de 2012, en la ciudad de Las Vegas, estado de Nevada (Estados Unidos), el estelar boxeador dominicano Javier \u00abEl Abej\u00f3n\u00bb Fortuna vio cristalizado su anhelado sue\u00f1o: Ser campe\u00f3n mundial.<\/p>\n<\/p>\n<p>El trascendental acontecimiento se registr\u00f3 en el emblem\u00e1tico hotel MGM, cuando derrot\u00f3 por decisi\u00f3n un\u00e1nime al irland\u00e9s  Patrick Hyland. Y as\u00ed se adue\u00f1\u00f3 del cetro (interino) del peso pluma avalado por la Asociaci\u00f3n Mundial de Boxeo.<\/p>\n<\/p>\n<p>El invicto peleador nacido en La Romana tiene la \u00abseguridad\u00bb de que volver\u00e1 a ser monarca del mundo, \u00abporque me estoy preparando para lograrlo de nuevo\u00bb.<\/p>\n<\/p>\n<p>El Abej\u00f3n Fortuna, apenas cuando iba a realizar la primera defensa del cetro pluma amebe\u00edsta, tuvo un inesperado fracaso. No pudo defender la corona de las 126 libras porque, en la ceremonia del pesaje, violent\u00f3 el reglamento al pasarse de libras.<\/p>\n<\/p>\n<p>Su pelea la iba a celebrar con el mexicano Miguel Zamudio, pero en la b\u00e1scula -pese a que fue tres veces- no dio el peso. Se pas\u00f3 con apenas seis onzas y de esa forma perdi\u00f3 la corona sin recibir un golpe.<\/p>\n<\/p>\n<p>No obstante, ya en el cuadril\u00e1tero -aunque no ten\u00eda posibilidad de seguir siendo monarca mundial pluma de la AMB, en s\u00f3lo un minuto y 10 segundos devast\u00f3 al rival mexicano.<\/p>\n<\/p>\n<p>El resultado combate, celebrado en un hotel de la ciudad de Atlentic City, estado de New Jersey, Estados Unidos, satisfiz\u00f3 al promotor dominicano C\u00e9sar Mercedes, apoderado del pugilista criollo que sigue invicto en 27 peleas profesionales (26-0-1).<\/p>\n<\/p>\n<p>Mercedes declar\u00f3 a elCaribe que \u00absabemos que El Abej\u00f3n Fortuna volver\u00e1 a ser campe\u00f3n mundial. El muchacho est\u00e1 trabajando para eso\u00bb.<\/p>\n<\/p>\n<p> Vuelve a la acci\u00f3n el 22 de este mes<\/p>\n<\/p>\n<p>Seg\u00fan Mercedes, el 22 de este mes -en una cartelera de calidad- El Abej\u00f3n Fortuna ocupar\u00e1 el turno principal para enfrentar a su paisano Miguel Taveras, un rival considerado de \u00abmucho peligro\u00bb. Djo que ser\u00e1 una pelea de \u00abfogueo\u00bb porque la meta es mantener activo al carism\u00e1tico p\u00fagil romanense.<\/p>\n<\/p>\n<p>En su reciente pelea, celebrada en Las Vegas, Nevada, El Abej\u00f3n Fortuna derrot\u00f3 al puertorrique\u00f1o Abner Cotto. El combate fue celebrado en la divisi\u00f3n ligero junior (130 libras) divisi\u00f3n en la que aspira ser otra vez titular del mundo.<\/p>\n<\/p>\n<p>\u00abEn los pr\u00f3ximos d\u00edas anunciaremos todos los detalles del cartel en el que El Abej\u00f3n Fortuna estar\u00e1 peleando ante su p\u00fablico\u00bb, acot\u00f3 Mercedes.<\/p>\n<\/p>\n<p>En el cartel, que tendr\u00e1 como escenario el polideportivo Pedro Julio Nolasco,  habr\u00e1 otras importantes peleas en las que cruzar\u00e1n guantes, entre otros, Juan \u00abEl Merengue\u00bb Abreu y Braulio -El Chavo- Rodr\u00edguez.<\/p>\n<\/p>\n<h6> 2014-12-13 11:23:29 <\/h6>\n<p><!--\n<link rel=\"stylesheet\" href=\"css\/bootstrap.min.css\">\n\n\n<ul class=\"pagination\">\n\t    \n\t\n\n<li >\n\t<a href='?page_no=15848'>Previous<\/a>\n\t<\/li>\n\n\n       \n    \n\n<li><a href='?page_no=1'>1<\/a><\/li>\n\n\n\n<li><a href='?page_no=2'>2<\/a><\/li>\n\n\n\n<li><a>...<\/a><\/li>\n\n\n\n<li><a href='?page_no=15847'>15847<\/a><\/li>\n\n\n\n<li><a href='?page_no=15848'>15848<\/a><\/li>\n\n\n\n<li class='active'><a>15849<\/a><\/li>\n\n\n\n<li><a href='?page_no=15850'>15850<\/a><\/li>\n\n\n\n<li><a href='?page_no=15851'>15851<\/a><\/li>\n\n\n\n<li><a>...<\/a><\/li>\n\n\n\n<li><a href='?page_no=36618'>36618<\/a><\/li>\n\n\n\n<li><a href='?page_no=36619'>36619<\/a><\/li>\n\n    \n\t\n\n<li >\n\t<a href='?page_no=15850'>Next<\/a>\n\t<\/li>\n\n\n    \n\n<li><a href='?page_no=36619'>Last &rsaquo;&rsaquo;<\/a><\/li>\n\n<\/ul>\n\n\n--><br \/>\n<\/body><\/p>\n","protected":false},"excerpt":{"rendered":"<p>Santo Domingo RD 13 diciembre.- El ocho de diciembre de 2012, en la ciudad de Las Vegas, estado de Nevada (Estados Unidos), el estelar boxeador dominicano Javier \u00abEl Abej\u00f3n\u00bb Fortuna vio cristalizado su anhelado sue\u00f1o: Ser campe\u00f3n mundial. El trascendental acontecimiento se registr\u00f3 en el emblem\u00e1tico hotel MGM, cuando derrot\u00f3 por decisi\u00f3n un\u00e1nime al irland\u00e9s [&hellip;]<\/p>\n","protected":false},"author":3,"featured_media":0,"comment_status":"open","ping_status":"open","sticky":false,"template":"","format":"standard","meta":{"footnotes":""},"categories":[17],"tags":[],"class_list":["post-199335","post","type-post","status-publish","format-standard","hentry","category-deportes"],"_links":{"self":[{"href":"https:\/\/diariodominicano.com\/index.php?rest_route=\/wp\/v2\/posts\/199335","targetHints":{"allow":["GET"]}}],"collection":[{"href":"https:\/\/diariodominicano.com\/index.php?rest_route=\/wp\/v2\/posts"}],"about":[{"href":"https:\/\/diariodominicano.com\/index.php?rest_route=\/wp\/v2\/types\/post"}],"author":[{"embeddable":true,"href":"https:\/\/diariodominicano.com\/index.php?rest_route=\/wp\/v2\/users\/3"}],"replies":[{"embeddable":true,"href":"https:\/\/diariodominicano.com\/index.php?rest_route=%2Fwp%2Fv2%2Fcomments&post=199335"}],"version-history":[{"count":0,"href":"https:\/\/diariodominicano.com\/index.php?rest_route=\/wp\/v2\/posts\/199335\/revisions"}],"wp:attachment":[{"href":"https:\/\/diariodominicano.com\/index.php?rest_route=%2Fwp%2Fv2%2Fmedia&parent=199335"}],"wp:term":[{"taxonomy":"category","embeddable":true,"href":"https:\/\/diariodominicano.com\/index.php?rest_route=%2Fwp%2Fv2%2Fcategories&post=199335"},{"taxonomy":"post_tag","embeddable":true,"href":"https:\/\/diariodominicano.com\/index.php?rest_route=%2Fwp%2Fv2%2Ftags&post=199335"}],"curies":[{"name":"wp","href":"https:\/\/api.w.org\/{rel}","templated":true}]}}