{"id":199334,"date":"2014-12-13T11:29:53","date_gmt":"2014-12-13T11:29:53","guid":{"rendered":"http:\/\/diariodominicano.ddns.net\/?p=199334"},"modified":"2014-12-13T11:29:53","modified_gmt":"2014-12-13T11:29:53","slug":"eduardo-canela-implanta-nuevo-record-en-nado-abierto","status":"publish","type":"post","link":"https:\/\/diariodominicano.com\/?p=199334","title":{"rendered":"Eduardo Canela implanta nuevo r\u00e9cord en nado abierto"},"content":{"rendered":"<p><body><\/p>\n<p><img decoding=\"async\" src=\"img3\/nata 13.jpg\" \/>  <\/p>\n<p>Santo Domingo RD 13 diciembre.- El nadador dominicano de ultradistancia en aguas abiertas, Eduardo Canela, realiz\u00f3 el nado hist\u00f3rico de 24 horas ininterrumpidas.<\/p>\n<\/p>\n<p>La haza\u00f1a fue realizada en la academia de nataci\u00f3n Stono.Este nado hist\u00f3rico de 24 horas, inici\u00f3 a las 10:00 del pasado s\u00e1bado y culmin\u00f3 el domingo 07 a las 10:00 am, patrocinado por Gatorade y Sony. <\/p>\n<\/p>\n<p>Eduardo impuso un nuevo r\u00e9cord de permanencia en piscina de 25 metros, venciendo las 15 horas realizadas por el exnadador Marcos D\u00edaz, y nad\u00f3 una distancia de 76.4 kil\u00f3metros, superando el r\u00e9cord de distancia de Miguel Portes, quien alcanz\u00f3 los 61 kil\u00f3metros.<\/p>\n<\/p>\n<p>\u00abLo que pudimos lograr fue claramente el resultado de lo que es trabajar en equipo, durante casi ocho meses con el equipo de SportLab, encabezado por mi entrenador, Augusto Garc\u00eda. Feliz por haber alcanzado una meta m\u00e1s en mi carrera deportiva\u00bb, manifest\u00f3 Eduardo.<\/p>\n<\/p>\n<h6> 2014-12-13 11:29:53 <\/h6>\n<p><!--\n<link rel=\"stylesheet\" href=\"css\/bootstrap.min.css\">\n\n\n<ul class=\"pagination\">\n\t    \n\t\n\n<li >\n\t<a href='?page_no=15847'>Previous<\/a>\n\t<\/li>\n\n\n       \n    \n\n<li><a href='?page_no=1'>1<\/a><\/li>\n\n\n\n<li><a href='?page_no=2'>2<\/a><\/li>\n\n\n\n<li><a>...<\/a><\/li>\n\n\n\n<li><a href='?page_no=15846'>15846<\/a><\/li>\n\n\n\n<li><a href='?page_no=15847'>15847<\/a><\/li>\n\n\n\n<li class='active'><a>15848<\/a><\/li>\n\n\n\n<li><a href='?page_no=15849'>15849<\/a><\/li>\n\n\n\n<li><a href='?page_no=15850'>15850<\/a><\/li>\n\n\n\n<li><a>...<\/a><\/li>\n\n\n\n<li><a href='?page_no=36618'>36618<\/a><\/li>\n\n\n\n<li><a href='?page_no=36619'>36619<\/a><\/li>\n\n    \n\t\n\n<li >\n\t<a href='?page_no=15849'>Next<\/a>\n\t<\/li>\n\n\n    \n\n<li><a href='?page_no=36619'>Last &rsaquo;&rsaquo;<\/a><\/li>\n\n<\/ul>\n\n\n--><br \/>\n<\/body><\/p>\n","protected":false},"excerpt":{"rendered":"<p>Santo Domingo RD 13 diciembre.- El nadador dominicano de ultradistancia en aguas abiertas, Eduardo Canela, realiz\u00f3 el nado hist\u00f3rico de 24 horas ininterrumpidas. La haza\u00f1a fue realizada en la academia de nataci\u00f3n Stono.Este nado hist\u00f3rico de 24 horas, inici\u00f3 a las 10:00 del pasado s\u00e1bado y culmin\u00f3 el domingo 07 a las 10:00 am, patrocinado [&hellip;]<\/p>\n","protected":false},"author":3,"featured_media":0,"comment_status":"open","ping_status":"open","sticky":false,"template":"","format":"standard","meta":{"footnotes":""},"categories":[17],"tags":[],"class_list":["post-199334","post","type-post","status-publish","format-standard","hentry","category-deportes"],"_links":{"self":[{"href":"https:\/\/diariodominicano.com\/index.php?rest_route=\/wp\/v2\/posts\/199334","targetHints":{"allow":["GET"]}}],"collection":[{"href":"https:\/\/diariodominicano.com\/index.php?rest_route=\/wp\/v2\/posts"}],"about":[{"href":"https:\/\/diariodominicano.com\/index.php?rest_route=\/wp\/v2\/types\/post"}],"author":[{"embeddable":true,"href":"https:\/\/diariodominicano.com\/index.php?rest_route=\/wp\/v2\/users\/3"}],"replies":[{"embeddable":true,"href":"https:\/\/diariodominicano.com\/index.php?rest_route=%2Fwp%2Fv2%2Fcomments&post=199334"}],"version-history":[{"count":0,"href":"https:\/\/diariodominicano.com\/index.php?rest_route=\/wp\/v2\/posts\/199334\/revisions"}],"wp:attachment":[{"href":"https:\/\/diariodominicano.com\/index.php?rest_route=%2Fwp%2Fv2%2Fmedia&parent=199334"}],"wp:term":[{"taxonomy":"category","embeddable":true,"href":"https:\/\/diariodominicano.com\/index.php?rest_route=%2Fwp%2Fv2%2Fcategories&post=199334"},{"taxonomy":"post_tag","embeddable":true,"href":"https:\/\/diariodominicano.com\/index.php?rest_route=%2Fwp%2Fv2%2Ftags&post=199334"}],"curies":[{"name":"wp","href":"https:\/\/api.w.org\/{rel}","templated":true}]}}