{"id":199332,"date":"2014-12-13T15:00:37","date_gmt":"2014-12-13T15:00:37","guid":{"rendered":"http:\/\/diariodominicano.ddns.net\/?p=199332"},"modified":"2014-12-13T15:00:37","modified_gmt":"2014-12-13T15:00:37","slug":"fedotenis-remoza-10-canchas-para-celebracion-del-torneo-futures-f4","status":"publish","type":"post","link":"https:\/\/diariodominicano.com\/?p=199332","title":{"rendered":"Fedotenis remoza 10 canchas para celebraci\u00f3n del torneo Futures F4"},"content":{"rendered":"<p><body><\/p>\n<p><img decoding=\"async\" src=\"img3\/cinta.jpg\" \/>  <\/p>\n<p><span class=\"text1noticias\">Santo Domingo, RD, 13 de Diciembre.-Con ocasi\u00f3n de la celebraci\u00f3n del Futures F4, \u00faltimo torneo del Circuito Profesional que se implementa en todo el pa\u00eds, La Federaci\u00f3n Dominicana de Tenis remoz\u00f3 las canchas del Pabell\u00f3n del Parque del Este, gracias a una alianza estrat\u00e9gica que hizo con el Ministerio de Deportes y la firma Pinturas Tropical.<\/span><\/p>\n<\/p>\n<p><span class=\"text1noticias\">En un breve pero significativo acto, el ministro de Deportes, doctor Jaime David Fern\u00e1ndez Mirabal cort\u00f3 la cinta de manera simb\u00f3lica para dejar abiertas las canchas de tenis.<\/span><\/p>\n<\/p>\n<p><span class=\"text1noticias\">El ministro de Deportes encabez\u00f3 el acto junto al presidente de la Federaci\u00f3n Dominicana de Tenis, licenciado Persio Maldonado y los directivos de la Federaci\u00f3n, licenciado Rub\u00e9n Tejeda, secretario, ingeniero Sergio Tobal, vicepresidente, el titular de la Asociaci\u00f3n de Tenis de San Crist\u00f3bal, Alexis Alc\u00e1ntara y Jos\u00e9 Billini, director ejecutivo del CRESO.<\/span><\/p>\n<\/p>\n<p><span class=\"text1noticias\">\u00abEstos son los beneficios que da una alianza estrat\u00e9gica entre lo p\u00fablico y lo privado. En esta ocasi\u00f3n una alianza tripartita entre la Federaci\u00f3n de Tenis, el Ministerio de Deportes y Pinturas Popular, hemos logrado estos resultados\u00bb, declar\u00f3 el doctor Jaime David Fern\u00e1ndez Mirabal.<\/span><\/p>\n<\/p>\n<p><span class=\"text1noticias\">Dijo que han logrado hermosear y adecentar las canchas a un costo muy inferior a lo que hubiese costado si tuvieran que hacerlo desde el Estado.<\/span><\/p>\n<\/p>\n<p><span class=\"text1noticias\">\u00abQueremos felicitar esta iniciativa porque esto va en consonancia con nuestra pol\u00edtica de asegurar que para la sostenibilidad futura de las instalaciones deportivas debe haber una gran preocupaci\u00f3n de la federaci\u00f3n y un gran apoyo del sector privado y el sector gubernamental, creemos que esto es lo que hay que hacer, este es el camino correcto\u00bb, sostuvo el ministro.<\/span><\/p>\n<\/p>\n<p><span class=\"text1noticias\">A su juicio, los atletas, los entrenadores y los dirigentes de asociaciones y federaciones se preocupen m\u00e1s por las instalaciones como lo esta haciendo la Fedotenis, no s\u00f3lo en el parque sino en muchos puntos del pa\u00eds y elogi\u00f3 la incorporaci\u00f3n de Pinturas Popular con su ejercicio de responsabilidad social corporativa.<\/span><\/p>\n<\/p>\n<p><span class=\"text1noticias\">De su lado, el presidente de Fedotenis agradeci\u00f3 al ministro y a Pinturas Popular y resalt\u00f3 esta segunda alianza con estas entidades.<\/span><\/p>\n<\/p>\n<p><span class=\"text1noticias\">\u00abPara nosotros esto es un resultado muy significativo porque justamente este fin de semana comenzamos con el \u00faltimo de los cuatro torneos futuros que celebramos en el pa\u00eds y necesit\u00e1bamos hacer esta remodelaci\u00f3n\u00bb, proclam\u00f3 Persio Maldonado.<\/span><\/p>\n<\/p>\n<p><span class=\"text1noticias\">Precis\u00f3 que adem\u00e1s esta remoci\u00f3n deja las canchas listas para la apretada agenda de torneos internacionales que tendr\u00e1 Fedotenis en el a\u00f1o 2015.<\/span><\/p>\n<\/p>\n<p><span class=\"text1noticias\">Para esta gesti\u00f3n pudimos pintar 10 canchas del Pabell\u00f3n de Tenis del Parque del Este, completando as\u00ed la rehabilitaci\u00f3n del total de trece\u00bb, dijo Maldonado.<\/span><\/p>\n<\/p>\n<p><span class=\"text1noticias\">Estas obras fueron remodeladas con ocasi\u00f3n del Futures F4, el \u00faltimo de cuatro torneos correspondientes al Circuito Profesional que ha desarrollado la Fedotenis en este mes con el aval de la Federaci\u00f3n Internacional de Tenis (ITF).(HG)<\/span>.<\/p>\n<\/p>\n<h6> 2014-12-13 15:00:37 <\/h6>\n<p><!--\n<link rel=\"stylesheet\" href=\"css\/bootstrap.min.css\">\n\n\n<ul class=\"pagination\">\n\t    \n\t\n\n<li >\n\t<a href='?page_no=15845'>Previous<\/a>\n\t<\/li>\n\n\n       \n    \n\n<li><a href='?page_no=1'>1<\/a><\/li>\n\n\n\n<li><a href='?page_no=2'>2<\/a><\/li>\n\n\n\n<li><a>...<\/a><\/li>\n\n\n\n<li><a href='?page_no=15844'>15844<\/a><\/li>\n\n\n\n<li><a href='?page_no=15845'>15845<\/a><\/li>\n\n\n\n<li class='active'><a>15846<\/a><\/li>\n\n\n\n<li><a href='?page_no=15847'>15847<\/a><\/li>\n\n\n\n<li><a href='?page_no=15848'>15848<\/a><\/li>\n\n\n\n<li><a>...<\/a><\/li>\n\n\n\n<li><a href='?page_no=36618'>36618<\/a><\/li>\n\n\n\n<li><a href='?page_no=36619'>36619<\/a><\/li>\n\n    \n\t\n\n<li >\n\t<a href='?page_no=15847'>Next<\/a>\n\t<\/li>\n\n\n    \n\n<li><a href='?page_no=36619'>Last &rsaquo;&rsaquo;<\/a><\/li>\n\n<\/ul>\n\n\n--><br \/>\n<\/body><\/p>\n","protected":false},"excerpt":{"rendered":"<p>Santo Domingo, RD, 13 de Diciembre.-Con ocasi\u00f3n de la celebraci\u00f3n del Futures F4, \u00faltimo torneo del Circuito Profesional que se implementa en todo el pa\u00eds, La Federaci\u00f3n Dominicana de Tenis remoz\u00f3 las canchas del Pabell\u00f3n del Parque del Este, gracias a una alianza estrat\u00e9gica que hizo con el Ministerio de Deportes y la firma Pinturas [&hellip;]<\/p>\n","protected":false},"author":3,"featured_media":0,"comment_status":"open","ping_status":"open","sticky":false,"template":"","format":"standard","meta":{"footnotes":""},"categories":[17],"tags":[],"class_list":["post-199332","post","type-post","status-publish","format-standard","hentry","category-deportes"],"_links":{"self":[{"href":"https:\/\/diariodominicano.com\/index.php?rest_route=\/wp\/v2\/posts\/199332","targetHints":{"allow":["GET"]}}],"collection":[{"href":"https:\/\/diariodominicano.com\/index.php?rest_route=\/wp\/v2\/posts"}],"about":[{"href":"https:\/\/diariodominicano.com\/index.php?rest_route=\/wp\/v2\/types\/post"}],"author":[{"embeddable":true,"href":"https:\/\/diariodominicano.com\/index.php?rest_route=\/wp\/v2\/users\/3"}],"replies":[{"embeddable":true,"href":"https:\/\/diariodominicano.com\/index.php?rest_route=%2Fwp%2Fv2%2Fcomments&post=199332"}],"version-history":[{"count":0,"href":"https:\/\/diariodominicano.com\/index.php?rest_route=\/wp\/v2\/posts\/199332\/revisions"}],"wp:attachment":[{"href":"https:\/\/diariodominicano.com\/index.php?rest_route=%2Fwp%2Fv2%2Fmedia&parent=199332"}],"wp:term":[{"taxonomy":"category","embeddable":true,"href":"https:\/\/diariodominicano.com\/index.php?rest_route=%2Fwp%2Fv2%2Fcategories&post=199332"},{"taxonomy":"post_tag","embeddable":true,"href":"https:\/\/diariodominicano.com\/index.php?rest_route=%2Fwp%2Fv2%2Ftags&post=199332"}],"curies":[{"name":"wp","href":"https:\/\/api.w.org\/{rel}","templated":true}]}}