{"id":199330,"date":"2014-12-13T17:01:18","date_gmt":"2014-12-13T17:01:18","guid":{"rendered":"http:\/\/diariodominicano.ddns.net\/?p=199330"},"modified":"2014-12-13T17:01:18","modified_gmt":"2014-12-13T17:01:18","slug":"minnesota-presenta-al-dominicano-ervin-santana","status":"publish","type":"post","link":"https:\/\/diariodominicano.com\/?p=199330","title":{"rendered":"Minnesota presenta al dominicano Ervin Santana"},"content":{"rendered":"<p><body><\/p>\n<p><img decoding=\"async\" src=\"img3\/santana.jpg\" \/>  <\/p>\n<p><span class=\"text1noticias\">Minnesota, EE.UU., 13 de Diciembre.-Los Mellizos de Minnesota present\u00f3 el s\u00e1bado al derecho dominicano Ervin Santana, quien firm\u00f3 con el club por cuatro a\u00f1os y US$54 millones.<\/span><\/p>\n<\/p>\n<p><span class=\"text1noticias\">El contrato de Santana incluye una opci\u00f3n de US$14 millones para una quinta temporada o una indemnizaci\u00f3n de US$1 mill\u00f3n.<\/span><\/p>\n<\/p>\n<p><span class=\"text1noticias\">\u00abErvin est\u00e1 bien familiarizado con la Liga Americana, algo que consideramos importante. Ha sido muy consistente durante su carrera. Tiene 10 a\u00f1os de experiencia en Grandes Ligas\u00bb, expres\u00f3 el gerente general de Minnesota, Terry Ryan.<\/span><\/p>\n<\/p>\n<p><span class=\"text1noticias\">\u00abEst\u00e1bamos buscando pitcheo y a\u00fan estaba disponible. Est\u00e1bamos muy interesados en \u00e9l este a\u00f1o y el a\u00f1o pasado tambi\u00e9n\u00bb.<\/span><\/p>\n<\/p>\n<p><span class=\"text1noticias\">Santana tuvo foja de 14-10 con efectividad de 3.95 en 31 aperturas por los Bravos en el 2014, temporada en la cual ponch\u00f3 a 179 bateadores, otorg\u00f3 63 boletos y cedi\u00f3 16 jonrones en 196 innings de labor. Tambi\u00e9n ha lanzado por los Angelinos y los Reales.<\/span><\/p>\n<\/p>\n<p><span class=\"text1noticias\">\u00abMe gusta la ciudad. Me gustan los fans. Me gusta el estadio\u00bb, dijo Santana acerca de su decisi\u00f3n. \u00abAntes de yo elegir a este equipo, [el dominicano] Francisco Liriano lanzaba aqu\u00ed y siempre le estaba preguntando acerca de este club. Me dijo muchas cosas buenas\u00bb.(HG)<\/span>.<\/p>\n<h6> 2014-12-13 17:01:18 <\/h6>\n<p><!--\n<link rel=\"stylesheet\" href=\"css\/bootstrap.min.css\">\n\n\n<ul class=\"pagination\">\n\t    \n\t\n\n<li >\n\t<a href='?page_no=15843'>Previous<\/a>\n\t<\/li>\n\n\n       \n    \n\n<li><a href='?page_no=1'>1<\/a><\/li>\n\n\n\n<li><a href='?page_no=2'>2<\/a><\/li>\n\n\n\n<li><a>...<\/a><\/li>\n\n\n\n<li><a href='?page_no=15842'>15842<\/a><\/li>\n\n\n\n<li><a href='?page_no=15843'>15843<\/a><\/li>\n\n\n\n<li class='active'><a>15844<\/a><\/li>\n\n\n\n<li><a href='?page_no=15845'>15845<\/a><\/li>\n\n\n\n<li><a href='?page_no=15846'>15846<\/a><\/li>\n\n\n\n<li><a>...<\/a><\/li>\n\n\n\n<li><a href='?page_no=36618'>36618<\/a><\/li>\n\n\n\n<li><a href='?page_no=36619'>36619<\/a><\/li>\n\n    \n\t\n\n<li >\n\t<a href='?page_no=15845'>Next<\/a>\n\t<\/li>\n\n\n    \n\n<li><a href='?page_no=36619'>Last &rsaquo;&rsaquo;<\/a><\/li>\n\n<\/ul>\n\n\n--><br \/>\n<\/body><\/p>\n","protected":false},"excerpt":{"rendered":"<p>Minnesota, EE.UU., 13 de Diciembre.-Los Mellizos de Minnesota present\u00f3 el s\u00e1bado al derecho dominicano Ervin Santana, quien firm\u00f3 con el club por cuatro a\u00f1os y US$54 millones. El contrato de Santana incluye una opci\u00f3n de US$14 millones para una quinta temporada o una indemnizaci\u00f3n de US$1 mill\u00f3n. \u00abErvin est\u00e1 bien familiarizado con la Liga Americana, [&hellip;]<\/p>\n","protected":false},"author":3,"featured_media":0,"comment_status":"open","ping_status":"open","sticky":false,"template":"","format":"standard","meta":{"footnotes":""},"categories":[17],"tags":[],"class_list":["post-199330","post","type-post","status-publish","format-standard","hentry","category-deportes"],"_links":{"self":[{"href":"https:\/\/diariodominicano.com\/index.php?rest_route=\/wp\/v2\/posts\/199330","targetHints":{"allow":["GET"]}}],"collection":[{"href":"https:\/\/diariodominicano.com\/index.php?rest_route=\/wp\/v2\/posts"}],"about":[{"href":"https:\/\/diariodominicano.com\/index.php?rest_route=\/wp\/v2\/types\/post"}],"author":[{"embeddable":true,"href":"https:\/\/diariodominicano.com\/index.php?rest_route=\/wp\/v2\/users\/3"}],"replies":[{"embeddable":true,"href":"https:\/\/diariodominicano.com\/index.php?rest_route=%2Fwp%2Fv2%2Fcomments&post=199330"}],"version-history":[{"count":0,"href":"https:\/\/diariodominicano.com\/index.php?rest_route=\/wp\/v2\/posts\/199330\/revisions"}],"wp:attachment":[{"href":"https:\/\/diariodominicano.com\/index.php?rest_route=%2Fwp%2Fv2%2Fmedia&parent=199330"}],"wp:term":[{"taxonomy":"category","embeddable":true,"href":"https:\/\/diariodominicano.com\/index.php?rest_route=%2Fwp%2Fv2%2Fcategories&post=199330"},{"taxonomy":"post_tag","embeddable":true,"href":"https:\/\/diariodominicano.com\/index.php?rest_route=%2Fwp%2Fv2%2Ftags&post=199330"}],"curies":[{"name":"wp","href":"https:\/\/api.w.org\/{rel}","templated":true}]}}