{"id":199324,"date":"2014-12-14T14:31:46","date_gmt":"2014-12-14T14:31:46","guid":{"rendered":"http:\/\/diariodominicano.ddns.net\/?p=199324"},"modified":"2014-12-14T14:31:46","modified_gmt":"2014-12-14T14:31:46","slug":"grupo-rica-y-fundacion-real-madrid-armid-firman-acuerdo-para-formacion-deportiva","status":"publish","type":"post","link":"https:\/\/diariodominicano.com\/?p=199324","title":{"rendered":"Grupo Rica y Fundaci\u00f3n Real Madrid -ARMID-, firman acuerdo para formaci\u00f3n deportiva"},"content":{"rendered":"<p><body><\/p>\n<p><img decoding=\"async\" src=\"img3\/acuerdo.png\" \/>  <\/p>\n<p><span class=\"text1noticias\">Santo Domingo, RD, 14 de DIciembre.-Pedro Brache, Presidente de Grupo Rica, y Carmelo Zubiaur Sanz, Presidente de la Fundaci\u00f3n Armid, firmaron un convenio para el patrocinio oficial de la primera Escuela de Tecnificaci\u00f3n de F\u00fatbol de la Fundaci\u00f3n Real Madrid-Armid en la Rep\u00fablica Dominicana, cuya sede estar\u00e1 ubicada en el campus de la Pontificia Universidad Cat\u00f3lica Madre y Maestra (PUCMM) &#8211; Santiago de los Caballeros.<\/span><\/p>\n<\/p>\n<p><span class=\"text1noticias\">El Presidente de Grupo Rica, Licenciado Pedro Brache expres\u00f3 que este acuerdo tiene como prop\u00f3sito principal \u00abcompartir y mantener valores; adem\u00e1s de formar a trav\u00e9s del deporte del f\u00fatbol a personas \u00e9ticas\u00bb.<\/span><\/p>\n<\/p>\n<p><span class=\"text1noticias\">Mientras que Carmerlo Zubiaur Sanz, Presidente de la Fundaci\u00f3n Armid, resalt\u00f3 que \u00abnuestra apuesta es seria y firme en Rep\u00fablica Dominicana, por lo que vincularnos a Grupo Rica significa tener ese apoyo natural de una empresa formada en valores\u00bb.<\/span><\/p>\n<\/p>\n<p><span class=\"text1noticias\">La Escuela de Tecnificaci\u00f3n de F\u00fatbol iniciar\u00e1 sus labores en enero 2015 y se dedicar\u00e1 a la formaci\u00f3n de ni\u00f1os y j\u00f3venes futbolistas entre 7 y 17 a\u00f1os, aplicando las metodolog\u00edas y t\u00e9cnicas m\u00e1s modernas bajo la filosof\u00eda del Real Madrid C.F. para la formaci\u00f3n integral de j\u00f3venes atletas.(HG)<\/span>.<\/p>\n<h6> 2014-12-14 14:31:46 <\/h6>\n<p><!--\n<link rel=\"stylesheet\" href=\"css\/bootstrap.min.css\">\n\n\n<ul class=\"pagination\">\n\t    \n\t\n\n<li >\n\t<a href='?page_no=15838'>Previous<\/a>\n\t<\/li>\n\n\n       \n    \n\n<li><a href='?page_no=1'>1<\/a><\/li>\n\n\n\n<li><a href='?page_no=2'>2<\/a><\/li>\n\n\n\n<li><a>...<\/a><\/li>\n\n\n\n<li><a href='?page_no=15837'>15837<\/a><\/li>\n\n\n\n<li><a href='?page_no=15838'>15838<\/a><\/li>\n\n\n\n<li class='active'><a>15839<\/a><\/li>\n\n\n\n<li><a href='?page_no=15840'>15840<\/a><\/li>\n\n\n\n<li><a href='?page_no=15841'>15841<\/a><\/li>\n\n\n\n<li><a>...<\/a><\/li>\n\n\n\n<li><a href='?page_no=36618'>36618<\/a><\/li>\n\n\n\n<li><a href='?page_no=36619'>36619<\/a><\/li>\n\n    \n\t\n\n<li >\n\t<a href='?page_no=15840'>Next<\/a>\n\t<\/li>\n\n\n    \n\n<li><a href='?page_no=36619'>Last &rsaquo;&rsaquo;<\/a><\/li>\n\n<\/ul>\n\n\n--><br \/>\n<\/body><\/p>\n","protected":false},"excerpt":{"rendered":"<p>Santo Domingo, RD, 14 de DIciembre.-Pedro Brache, Presidente de Grupo Rica, y Carmelo Zubiaur Sanz, Presidente de la Fundaci\u00f3n Armid, firmaron un convenio para el patrocinio oficial de la primera Escuela de Tecnificaci\u00f3n de F\u00fatbol de la Fundaci\u00f3n Real Madrid-Armid en la Rep\u00fablica Dominicana, cuya sede estar\u00e1 ubicada en el campus de la Pontificia Universidad [&hellip;]<\/p>\n","protected":false},"author":3,"featured_media":0,"comment_status":"open","ping_status":"open","sticky":false,"template":"","format":"standard","meta":{"footnotes":""},"categories":[17],"tags":[],"class_list":["post-199324","post","type-post","status-publish","format-standard","hentry","category-deportes"],"_links":{"self":[{"href":"https:\/\/diariodominicano.com\/index.php?rest_route=\/wp\/v2\/posts\/199324","targetHints":{"allow":["GET"]}}],"collection":[{"href":"https:\/\/diariodominicano.com\/index.php?rest_route=\/wp\/v2\/posts"}],"about":[{"href":"https:\/\/diariodominicano.com\/index.php?rest_route=\/wp\/v2\/types\/post"}],"author":[{"embeddable":true,"href":"https:\/\/diariodominicano.com\/index.php?rest_route=\/wp\/v2\/users\/3"}],"replies":[{"embeddable":true,"href":"https:\/\/diariodominicano.com\/index.php?rest_route=%2Fwp%2Fv2%2Fcomments&post=199324"}],"version-history":[{"count":0,"href":"https:\/\/diariodominicano.com\/index.php?rest_route=\/wp\/v2\/posts\/199324\/revisions"}],"wp:attachment":[{"href":"https:\/\/diariodominicano.com\/index.php?rest_route=%2Fwp%2Fv2%2Fmedia&parent=199324"}],"wp:term":[{"taxonomy":"category","embeddable":true,"href":"https:\/\/diariodominicano.com\/index.php?rest_route=%2Fwp%2Fv2%2Fcategories&post=199324"},{"taxonomy":"post_tag","embeddable":true,"href":"https:\/\/diariodominicano.com\/index.php?rest_route=%2Fwp%2Fv2%2Ftags&post=199324"}],"curies":[{"name":"wp","href":"https:\/\/api.w.org\/{rel}","templated":true}]}}