{"id":199323,"date":"2014-12-14T14:54:00","date_gmt":"2014-12-14T14:54:00","guid":{"rendered":"http:\/\/diariodominicano.ddns.net\/?p=199323"},"modified":"2014-12-14T14:54:00","modified_gmt":"2014-12-14T14:54:00","slug":"melky-pacta-por-tres-anos-con-los-medias-blancas","status":"publish","type":"post","link":"https:\/\/diariodominicano.com\/?p=199323","title":{"rendered":"Melky pacta por tres a\u00f1os con los Medias Blancas"},"content":{"rendered":"<p><body><\/p>\n<p><img decoding=\"async\" src=\"img3\/Cabrera.jpg\" \/>  <\/p>\n<p><span class=\"text1noticias\">CHICAGO, Illinois, EE.UU., 14 de Diciembre.-La temporada muerta del 2014-15 sigue siendo muy fruct\u00edfera para los Medias Blancas y sus fan\u00e1ticos.<\/span><\/p>\n<\/p>\n<p><span class=\"text1noticias\">El dominicano Melky Cabrera ha pactado con Chicago por tres a\u00f1os y entre US$42 y US$43.5 millones.<\/span><\/p>\n<\/p>\n<p><span class=\"text1noticias\">El acuerdo, al que a\u00fan falta un examen f\u00edsico.<\/span><\/p>\n<\/p>\n<p><span class=\"text1noticias\">Cabrera, de 30 a\u00f1os, no s\u00f3lo representa una mejor\u00eda para Chicago a nivel defensivo y ofensivo en el jard\u00edn izquierdo, sino tambi\u00e9n encajar\u00e1 perfectamente como segundo bate detr\u00e1s de Adam Eaton.<\/span><\/p>\n<\/p>\n<p><span class=\"text1noticias\">El bateador ambidextro tuvo promedio de .301 con porcentaje de embasarse de .351 y slugging de .458 por los Azulejos en el 2014. Tambi\u00e9n conect\u00f3 16 jonrones y empuj\u00f3 73 carreras. De sus 171 hits, 54 fueron para extrabases.(HG)<\/span>.<\/p>\n<h6> 2014-12-14 14:54:00 <\/h6>\n<p><!--\n<link rel=\"stylesheet\" href=\"css\/bootstrap.min.css\">\n\n\n<ul class=\"pagination\">\n\t    \n\t\n\n<li >\n\t<a href='?page_no=15837'>Previous<\/a>\n\t<\/li>\n\n\n       \n    \n\n<li><a href='?page_no=1'>1<\/a><\/li>\n\n\n\n<li><a href='?page_no=2'>2<\/a><\/li>\n\n\n\n<li><a>...<\/a><\/li>\n\n\n\n<li><a href='?page_no=15836'>15836<\/a><\/li>\n\n\n\n<li><a href='?page_no=15837'>15837<\/a><\/li>\n\n\n\n<li class='active'><a>15838<\/a><\/li>\n\n\n\n<li><a href='?page_no=15839'>15839<\/a><\/li>\n\n\n\n<li><a href='?page_no=15840'>15840<\/a><\/li>\n\n\n\n<li><a>...<\/a><\/li>\n\n\n\n<li><a href='?page_no=36618'>36618<\/a><\/li>\n\n\n\n<li><a href='?page_no=36619'>36619<\/a><\/li>\n\n    \n\t\n\n<li >\n\t<a href='?page_no=15839'>Next<\/a>\n\t<\/li>\n\n\n    \n\n<li><a href='?page_no=36619'>Last &rsaquo;&rsaquo;<\/a><\/li>\n\n<\/ul>\n\n\n--><br \/>\n<\/body><\/p>\n","protected":false},"excerpt":{"rendered":"<p>CHICAGO, Illinois, EE.UU., 14 de Diciembre.-La temporada muerta del 2014-15 sigue siendo muy fruct\u00edfera para los Medias Blancas y sus fan\u00e1ticos. El dominicano Melky Cabrera ha pactado con Chicago por tres a\u00f1os y entre US$42 y US$43.5 millones. El acuerdo, al que a\u00fan falta un examen f\u00edsico. Cabrera, de 30 a\u00f1os, no s\u00f3lo representa una [&hellip;]<\/p>\n","protected":false},"author":3,"featured_media":0,"comment_status":"open","ping_status":"open","sticky":false,"template":"","format":"standard","meta":{"footnotes":""},"categories":[17],"tags":[],"class_list":["post-199323","post","type-post","status-publish","format-standard","hentry","category-deportes"],"_links":{"self":[{"href":"https:\/\/diariodominicano.com\/index.php?rest_route=\/wp\/v2\/posts\/199323","targetHints":{"allow":["GET"]}}],"collection":[{"href":"https:\/\/diariodominicano.com\/index.php?rest_route=\/wp\/v2\/posts"}],"about":[{"href":"https:\/\/diariodominicano.com\/index.php?rest_route=\/wp\/v2\/types\/post"}],"author":[{"embeddable":true,"href":"https:\/\/diariodominicano.com\/index.php?rest_route=\/wp\/v2\/users\/3"}],"replies":[{"embeddable":true,"href":"https:\/\/diariodominicano.com\/index.php?rest_route=%2Fwp%2Fv2%2Fcomments&post=199323"}],"version-history":[{"count":0,"href":"https:\/\/diariodominicano.com\/index.php?rest_route=\/wp\/v2\/posts\/199323\/revisions"}],"wp:attachment":[{"href":"https:\/\/diariodominicano.com\/index.php?rest_route=%2Fwp%2Fv2%2Fmedia&parent=199323"}],"wp:term":[{"taxonomy":"category","embeddable":true,"href":"https:\/\/diariodominicano.com\/index.php?rest_route=%2Fwp%2Fv2%2Fcategories&post=199323"},{"taxonomy":"post_tag","embeddable":true,"href":"https:\/\/diariodominicano.com\/index.php?rest_route=%2Fwp%2Fv2%2Ftags&post=199323"}],"curies":[{"name":"wp","href":"https:\/\/api.w.org\/{rel}","templated":true}]}}